{"id":11785,"date":"2025-08-02T08:39:52","date_gmt":"2025-08-02T11:39:52","guid":{"rendered":"https:\/\/hdpnoticias.com.ar\/?p=11785"},"modified":"2025-08-02T08:39:56","modified_gmt":"2025-08-02T11:39:56","slug":"motociclista-murio-desmembrado-en-choque-frontal-con-un-auto-en-las-brenas","status":"publish","type":"post","link":"http:\/\/hdpnoticias.com.ar\/?p=11785","title":{"rendered":"Motociclista muri\u00f3 desmembrado en choque frontal con un auto en Las Bre\u00f1as"},"content":{"rendered":"\n<figure class=\"wp-block-image size-full\"><img loading=\"lazy\" decoding=\"async\" width=\"720\" height=\"90\" src=\"http:\/\/hdpnoticias.com.ar\/wp-content\/uploads\/2024\/05\/Copy-of-720x90-1.gif\" alt=\"\" class=\"wp-image-6806\"\/><figcaption class=\"wp-element-caption\">Un automovil embist\u00f3 frontalmente a un motociclista durante un sobrepaso. El conductor dijo que la moto no ten\u00eda luces.<\/figcaption><\/figure>\n\n\n\n<p>Un terrible accidente fatal ocurri\u00f3 en los primeros minutos de este s\u00e1bado en la ruta provincial 6, a 3 kil\u00f3metros de Las Bre\u00f1as.<\/p>\n\n\n\n<p>Un Hyundai Santa Fe, comandado por un hombre de 23 a\u00f1os, acompa\u00f1ado de sus padres, choc\u00f3 frontalmente con una motocicleta.<\/p>\n\n\n\n<p>Seg\u00fan su relato, intent\u00f3 sobrepasar a otro veh\u00edculo y al cambiar de carril impact\u00f3 de lleno con la moto que circulaba en sentido contrario, sin luces.<\/p>\n\n\n\n<p>El auto termin\u00f3 volcado en la banquina. La brutalidad del impacto dej\u00f3 a la moto reducida a chatarra; el motociclista muri\u00f3 en el acto, y su cuerpo fue desmembrado: un brazo fue hallado dentro del habit\u00e1culo del Hyundai, y una pierna a una veintena de metros.<\/p>\n\n\n\n<p>El automovilista y su madre sufrieron lesiones leves, mientras su padre result\u00f3 ileso. Los 3 residen en Las Bre\u00f1as.<\/p>\n\n\n\n<p>La v\u00edctima del siniestro a\u00fan no fue identificada.<\/p>\n","protected":false},"excerpt":{"rendered":"<p>Un terrible accidente fatal ocurri\u00f3 en los primeros minutos de este s\u00e1bado en la ruta provincial 6, a 3 kil\u00f3metros de Las Bre\u00f1as. Un Hyundai Santa Fe, comandado por un hombre de 23 a\u00f1os, acompa\u00f1ado de sus padres, choc\u00f3 frontalmente con una motocicleta. Seg\u00fan su relato, intent\u00f3 sobrepasar a otro veh\u00edculo y al cambiar de [&hellip;]<\/p>\n","protected":false},"author":1,"featured_media":11786,"comment_status":"open","ping_status":"open","sticky":false,"template":"","format":"standard","meta":{"footnotes":""},"categories":[26],"tags":[2101,5126,5125,388,1478,100,511],"class_list":["post-11785","post","type-post","status-publish","format-standard","has-post-thumbnail","hentry","category-policiales","tag-choque-frontal","tag-desmembrado","tag-hyundai","tag-las-brenas","tag-ruta-6","tag-tragedia","tag-vuelco"],"_links":{"self":[{"href":"http:\/\/hdpnoticias.com.ar\/index.php?rest_route=\/wp\/v2\/posts\/11785","targetHints":{"allow":["GET"]}}],"collection":[{"href":"http:\/\/hdpnoticias.com.ar\/index.php?rest_route=\/wp\/v2\/posts"}],"about":[{"href":"http:\/\/hdpnoticias.com.ar\/index.php?rest_route=\/wp\/v2\/types\/post"}],"author":[{"embeddable":true,"href":"http:\/\/hdpnoticias.com.ar\/index.php?rest_route=\/wp\/v2\/users\/1"}],"replies":[{"embeddable":true,"href":"http:\/\/hdpnoticias.com.ar\/index.php?rest_route=%2Fwp%2Fv2%2Fcomments&post=11785"}],"version-history":[{"count":1,"href":"http:\/\/hdpnoticias.com.ar\/index.php?rest_route=\/wp\/v2\/posts\/11785\/revisions"}],"predecessor-version":[{"id":11787,"href":"http:\/\/hdpnoticias.com.ar\/index.php?rest_route=\/wp\/v2\/posts\/11785\/revisions\/11787"}],"wp:featuredmedia":[{"embeddable":true,"href":"http:\/\/hdpnoticias.com.ar\/index.php?rest_route=\/wp\/v2\/media\/11786"}],"wp:attachment":[{"href":"http:\/\/hdpnoticias.com.ar\/index.php?rest_route=%2Fwp%2Fv2%2Fmedia&parent=11785"}],"wp:term":[{"taxonomy":"category","embeddable":true,"href":"http:\/\/hdpnoticias.com.ar\/index.php?rest_route=%2Fwp%2Fv2%2Fcategories&post=11785"},{"taxonomy":"post_tag","embeddable":true,"href":"http:\/\/hdpnoticias.com.ar\/index.php?rest_route=%2Fwp%2Fv2%2Ftags&post=11785"}],"curies":[{"name":"wp","href":"https:\/\/api.w.org\/{rel}","templated":true}]}}