{"id":11683,"date":"2025-07-22T22:55:18","date_gmt":"2025-07-23T01:55:18","guid":{"rendered":"https:\/\/hdpnoticias.com.ar\/?p=11683"},"modified":"2025-07-22T22:56:52","modified_gmt":"2025-07-23T01:56:52","slug":"carnearon-un-caballo-en-la-zona-sur-de-resistencia","status":"publish","type":"post","link":"http:\/\/hdpnoticias.com.ar\/?p=11683","title":{"rendered":"Carnearon un caballo en la zona sur de Resistencia"},"content":{"rendered":"\n<figure class=\"wp-block-image size-full\"><img loading=\"lazy\" decoding=\"async\" width=\"728\" height=\"90\" src=\"http:\/\/hdpnoticias.com.ar\/wp-content\/uploads\/2024\/05\/Nachec.gif\" alt=\"\" class=\"wp-image-6814\"\/><\/figure>\n\n\n\n<p>La siesta de este martes un llamado alert\u00f3 al 911 sobre el hallazgo de restos de un caballo en la intersecci\u00f3n de la calle San Lorenzo y la avenida Nicaragua, a metros del canal de Soberan\u00eda Nacional, en la zona sur de Resistencia.<\/p>\n\n\n\n<p>Cuando arrib\u00f3 una comisi\u00f3n de la Comisar\u00eda S\u00e9ptima, encontr\u00f3 la cabeza del animal, las patas y pedazos de cuero. No hab\u00eda, sin embargo, evidencias de que haya sido sacrificado en ese lugar, por lo que se cree que los autores del hecho s\u00f3lo descartaron ah\u00ed el remanente de la faena.<\/p>\n\n\n\n<p>Se recogieron los restos para intentar determinar a qui\u00e9n pertenec\u00eda y quienes lo faenaron y con qu\u00e9 intenci\u00f3n.<\/p>\n\n\n\n<p>La faena clandestina de caballos no es una novedad. Tiempo atr\u00e1s <strong><a href=\"https:\/\/hdpnoticias.com.ar\/?p=10474\">un caballo cuarto de milla robado en Resistencia fue carneado en Barranqueras<\/a><\/strong> en un descampado que los vecinos reconocen como \u201cmatadero\u201d.<\/p>\n\n\n\n<p><\/p>\n","protected":false},"excerpt":{"rendered":"<p>La siesta de este martes un llamado alert\u00f3 al 911 sobre el hallazgo de restos de un caballo en la intersecci\u00f3n de la calle San Lorenzo y la avenida Nicaragua, a metros del canal de Soberan\u00eda Nacional, en la zona sur de Resistencia. Cuando arrib\u00f3 una comisi\u00f3n de la Comisar\u00eda S\u00e9ptima, encontr\u00f3 la cabeza del [&hellip;]<\/p>\n","protected":false},"author":1,"featured_media":11684,"comment_status":"open","ping_status":"open","sticky":false,"template":"","format":"standard","meta":{"footnotes":""},"categories":[26],"tags":[53,638,5091,4679,49,97],"class_list":["post-11683","post","type-post","status-publish","format-standard","has-post-thumbnail","hentry","category-policiales","tag-barranqueras","tag-caballo","tag-carneado","tag-cuarto-de-milla","tag-resistencia","tag-zona-sur"],"_links":{"self":[{"href":"http:\/\/hdpnoticias.com.ar\/index.php?rest_route=\/wp\/v2\/posts\/11683","targetHints":{"allow":["GET"]}}],"collection":[{"href":"http:\/\/hdpnoticias.com.ar\/index.php?rest_route=\/wp\/v2\/posts"}],"about":[{"href":"http:\/\/hdpnoticias.com.ar\/index.php?rest_route=\/wp\/v2\/types\/post"}],"author":[{"embeddable":true,"href":"http:\/\/hdpnoticias.com.ar\/index.php?rest_route=\/wp\/v2\/users\/1"}],"replies":[{"embeddable":true,"href":"http:\/\/hdpnoticias.com.ar\/index.php?rest_route=%2Fwp%2Fv2%2Fcomments&post=11683"}],"version-history":[{"count":2,"href":"http:\/\/hdpnoticias.com.ar\/index.php?rest_route=\/wp\/v2\/posts\/11683\/revisions"}],"predecessor-version":[{"id":11686,"href":"http:\/\/hdpnoticias.com.ar\/index.php?rest_route=\/wp\/v2\/posts\/11683\/revisions\/11686"}],"wp:featuredmedia":[{"embeddable":true,"href":"http:\/\/hdpnoticias.com.ar\/index.php?rest_route=\/wp\/v2\/media\/11684"}],"wp:attachment":[{"href":"http:\/\/hdpnoticias.com.ar\/index.php?rest_route=%2Fwp%2Fv2%2Fmedia&parent=11683"}],"wp:term":[{"taxonomy":"category","embeddable":true,"href":"http:\/\/hdpnoticias.com.ar\/index.php?rest_route=%2Fwp%2Fv2%2Fcategories&post=11683"},{"taxonomy":"post_tag","embeddable":true,"href":"http:\/\/hdpnoticias.com.ar\/index.php?rest_route=%2Fwp%2Fv2%2Ftags&post=11683"}],"curies":[{"name":"wp","href":"https:\/\/api.w.org\/{rel}","templated":true}]}}