{"id":11652,"date":"2025-07-17T21:11:21","date_gmt":"2025-07-18T00:11:21","guid":{"rendered":"https:\/\/hdpnoticias.com.ar\/?p=11652"},"modified":"2025-07-17T21:11:27","modified_gmt":"2025-07-18T00:11:27","slug":"ambulancia-y-motocicleta-protagonizaron-un-brutal-choque-en-margarita-belen","status":"publish","type":"post","link":"http:\/\/hdpnoticias.com.ar\/?p=11652","title":{"rendered":"Ambulancia y motocicleta protagonizaron un brutal choque en Margarita Bel\u00e9n"},"content":{"rendered":"\n<figure class=\"wp-block-image size-full\"><img loading=\"lazy\" decoding=\"async\" width=\"720\" height=\"90\" src=\"http:\/\/hdpnoticias.com.ar\/wp-content\/uploads\/2024\/05\/Copy-of-720x90-1.gif\" alt=\"\" class=\"wp-image-6806\"\/><\/figure>\n\n\n\n<p>El mediod\u00eda de este jueves, una ambulancia del sistema de Salud P\u00fablica y una Zanella ZB de 110cc, protagonizaron un tremendo accidente en Margarita Bel\u00e9n.<\/p>\n\n\n\n<p>Los veh\u00edculos se toparon en la intersecci\u00f3n de la avenida 25 de mayo y la calle Irma Ver\u00f3n.<\/p>\n\n\n\n<p>La mec\u00e1nica del siniestro a\u00fan es materia de investigaci\u00f3n. El furg\u00f3n muestra la violencia del mpact\u00f3 en la parte delantera derecha, La moto qued\u00f3 incrustada debajo del paragolpes y fue arrastrada unos 20 metros.<\/p>\n\n\n\n<p>El motociclista, de 31 a\u00f1os, sufri\u00f3 las peores consecuencias. Fue auxiliado y trasladado primero al hospital local y despu\u00e9s al hospital Perrando, donde le diagnosticaron politraumatismos, traumatismo enc\u00e9falo craneano, una herida cortante en la frente y fractura expuesta en la pierna izquierda.<\/p>\n","protected":false},"excerpt":{"rendered":"<p>El mediod\u00eda de este jueves, una ambulancia del sistema de Salud P\u00fablica y una Zanella ZB de 110cc, protagonizaron un tremendo accidente en Margarita Bel\u00e9n. Los veh\u00edculos se toparon en la intersecci\u00f3n de la avenida 25 de mayo y la calle Irma Ver\u00f3n. La mec\u00e1nica del siniestro a\u00fan es materia de investigaci\u00f3n. El furg\u00f3n muestra [&hellip;]<\/p>\n","protected":false},"author":1,"featured_media":11653,"comment_status":"open","ping_status":"open","sticky":false,"template":"","format":"standard","meta":{"footnotes":""},"categories":[26],"tags":[2100,789,538,1150,5083,1690],"class_list":["post-11652","post","type-post","status-publish","format-standard","has-post-thumbnail","hentry","category-policiales","tag-2100","tag-ambulancia","tag-margarita-belen","tag-salud-publica","tag-zanellla","tag-zb"],"_links":{"self":[{"href":"http:\/\/hdpnoticias.com.ar\/index.php?rest_route=\/wp\/v2\/posts\/11652","targetHints":{"allow":["GET"]}}],"collection":[{"href":"http:\/\/hdpnoticias.com.ar\/index.php?rest_route=\/wp\/v2\/posts"}],"about":[{"href":"http:\/\/hdpnoticias.com.ar\/index.php?rest_route=\/wp\/v2\/types\/post"}],"author":[{"embeddable":true,"href":"http:\/\/hdpnoticias.com.ar\/index.php?rest_route=\/wp\/v2\/users\/1"}],"replies":[{"embeddable":true,"href":"http:\/\/hdpnoticias.com.ar\/index.php?rest_route=%2Fwp%2Fv2%2Fcomments&post=11652"}],"version-history":[{"count":1,"href":"http:\/\/hdpnoticias.com.ar\/index.php?rest_route=\/wp\/v2\/posts\/11652\/revisions"}],"predecessor-version":[{"id":11654,"href":"http:\/\/hdpnoticias.com.ar\/index.php?rest_route=\/wp\/v2\/posts\/11652\/revisions\/11654"}],"wp:featuredmedia":[{"embeddable":true,"href":"http:\/\/hdpnoticias.com.ar\/index.php?rest_route=\/wp\/v2\/media\/11653"}],"wp:attachment":[{"href":"http:\/\/hdpnoticias.com.ar\/index.php?rest_route=%2Fwp%2Fv2%2Fmedia&parent=11652"}],"wp:term":[{"taxonomy":"category","embeddable":true,"href":"http:\/\/hdpnoticias.com.ar\/index.php?rest_route=%2Fwp%2Fv2%2Fcategories&post=11652"},{"taxonomy":"post_tag","embeddable":true,"href":"http:\/\/hdpnoticias.com.ar\/index.php?rest_route=%2Fwp%2Fv2%2Ftags&post=11652"}],"curies":[{"name":"wp","href":"https:\/\/api.w.org\/{rel}","templated":true}]}}