{"id":11615,"date":"2025-07-10T21:48:53","date_gmt":"2025-07-11T00:48:53","guid":{"rendered":"https:\/\/hdpnoticias.com.ar\/?p=11615"},"modified":"2025-07-10T21:49:00","modified_gmt":"2025-07-11T00:49:00","slug":"triple-reves-para-milei-en-el-senado-jubilaciones-moratoria-y-emergencia-en-discapacidad","status":"publish","type":"post","link":"http:\/\/hdpnoticias.com.ar\/?p=11615","title":{"rendered":"Triple rev\u00e9s para Milei en el Senado: jubilaciones, moratoria y emergencia en discapacidad"},"content":{"rendered":"\n<figure class=\"wp-block-image size-full\"><img loading=\"lazy\" decoding=\"async\" width=\"728\" height=\"90\" src=\"http:\/\/hdpnoticias.com.ar\/wp-content\/uploads\/2024\/05\/Nachec.gif\" alt=\"\" class=\"wp-image-6814\"\/><\/figure>\n\n\n\n<p>El Senado le asest\u00f3 3 reveses en una sola jornada al Presidente de la Naci\u00f3n: Javier Milei, al sancionar el aumento del bono para jubilados, la reposici\u00f3n de la moratoria previsional y la declaraci\u00f3n de la emergencia de discapacidad, 3 leyes que \u00e9l entiende que atentan contra el equilibrio fiscal.<\/p>\n\n\n\n<p>Los votos surgieron del kirchnerismo, algunos radicales, uno del PRO y varios de partidos provinciales. En frente, el Poder Ejecutivo oper\u00f3 infructuosamente para revertir un panorama que desde la v\u00edspera advert\u00eda adverso, e intent\u00f3 suspender la sesi\u00f3n tach\u00e1ndola de inconstitucional. De nada sirvieron las presiones a la presidente del Cuerpo: la vicepresidente de la Naci\u00f3n: Victoria Villarruel, que sigui\u00f3 adelante y se gan\u00f3 el mote de \u201ctraidora\u201d.<\/p>\n\n\n\n<p><strong>Jubilaciones<\/strong><\/p>\n\n\n\n<p>La ley implica un aumento real para todos los haberes y pensiones del 7,2%, excepto los reg\u00edmenes especiales, y un incremento para el bono, que pasar\u00e1 de 70 mil a 110 mil pesos y se actualizar\u00e1 por inflaci\u00f3n.<\/p>\n\n\n\n<p>En tanto, la restituci\u00f3n por dos a\u00f1os de la moratoria implica la reactivaci\u00f3n del sistema que permite que las personas sin los 30 a\u00f1os de aportes puedan comprar los saldos faltantes para acceder al haber m\u00ednimo.<\/p>\n\n\n\n<p><strong>Emergencia en discapacidad<\/strong><\/p>\n\n\n\n<p>La iniciativa estar\u00e1 vigente hasta el 31 de diciembre de 2027, y reformula las pensiones no contributivas y actualiza aranceles, as\u00ed como compensaciones econ\u00f3micas, entre otras cuestiones.<\/p>\n\n\n\n<p><strong>Milei prepara vetos<\/strong><\/p>\n\n\n\n<p>Desde el momento en que se conocieron los proyectos, el presidente Milei manifest\u00f3 su rechazo y advirti\u00f3 que si estos prosperaban iba a responder con un veto inmediato. Ahora confirm\u00f3 que vetar\u00e1 al menos las leyes referidas a las jubilaciones. Paralelamente, se dijo que acudir\u00e1 a la Justicia para cuestionar la validez de la sesi\u00f3n de este jueves.<\/p>\n","protected":false},"excerpt":{"rendered":"<p>El Senado le asest\u00f3 3 reveses en una sola jornada al Presidente de la Naci\u00f3n: Javier Milei, al sancionar el aumento del bono para jubilados, la reposici\u00f3n de la moratoria previsional y la declaraci\u00f3n de la emergencia de discapacidad, 3 leyes que \u00e9l entiende que atentan contra el equilibrio fiscal. Los votos surgieron del kirchnerismo, [&hellip;]<\/p>\n","protected":false},"author":1,"featured_media":11616,"comment_status":"open","ping_status":"open","sticky":false,"template":"","format":"standard","meta":{"footnotes":""},"categories":[27],"tags":[2159,5068,5069,3765,1319,72,1357],"class_list":["post-11615","post","type-post","status-publish","format-standard","has-post-thumbnail","hentry","category-politica","tag-discapacidad","tag-emerrgencia","tag-equilibrio-fiscal","tag-jubilaciones","tag-milei","tag-senado","tag-veto"],"_links":{"self":[{"href":"http:\/\/hdpnoticias.com.ar\/index.php?rest_route=\/wp\/v2\/posts\/11615","targetHints":{"allow":["GET"]}}],"collection":[{"href":"http:\/\/hdpnoticias.com.ar\/index.php?rest_route=\/wp\/v2\/posts"}],"about":[{"href":"http:\/\/hdpnoticias.com.ar\/index.php?rest_route=\/wp\/v2\/types\/post"}],"author":[{"embeddable":true,"href":"http:\/\/hdpnoticias.com.ar\/index.php?rest_route=\/wp\/v2\/users\/1"}],"replies":[{"embeddable":true,"href":"http:\/\/hdpnoticias.com.ar\/index.php?rest_route=%2Fwp%2Fv2%2Fcomments&post=11615"}],"version-history":[{"count":1,"href":"http:\/\/hdpnoticias.com.ar\/index.php?rest_route=\/wp\/v2\/posts\/11615\/revisions"}],"predecessor-version":[{"id":11617,"href":"http:\/\/hdpnoticias.com.ar\/index.php?rest_route=\/wp\/v2\/posts\/11615\/revisions\/11617"}],"wp:featuredmedia":[{"embeddable":true,"href":"http:\/\/hdpnoticias.com.ar\/index.php?rest_route=\/wp\/v2\/media\/11616"}],"wp:attachment":[{"href":"http:\/\/hdpnoticias.com.ar\/index.php?rest_route=%2Fwp%2Fv2%2Fmedia&parent=11615"}],"wp:term":[{"taxonomy":"category","embeddable":true,"href":"http:\/\/hdpnoticias.com.ar\/index.php?rest_route=%2Fwp%2Fv2%2Fcategories&post=11615"},{"taxonomy":"post_tag","embeddable":true,"href":"http:\/\/hdpnoticias.com.ar\/index.php?rest_route=%2Fwp%2Fv2%2Ftags&post=11615"}],"curies":[{"name":"wp","href":"https:\/\/api.w.org\/{rel}","templated":true}]}}