{"id":11543,"date":"2025-07-03T05:32:00","date_gmt":"2025-07-03T08:32:00","guid":{"rendered":"https:\/\/hdpnoticias.com.ar\/?p=11543"},"modified":"2025-07-03T19:01:39","modified_gmt":"2025-07-03T22:01:39","slug":"milei-en-chaco-lo-esperan-para-inaugurar-el-templo-del-pastor-ledesma","status":"publish","type":"post","link":"http:\/\/hdpnoticias.com.ar\/?p=11543","title":{"rendered":"Milei en Chaco: lo esperan para inaugurar el templo del pastor Ledesma"},"content":{"rendered":"\n<figure class=\"wp-block-image size-full\"><img loading=\"lazy\" decoding=\"async\" width=\"728\" height=\"90\" src=\"http:\/\/hdpnoticias.com.ar\/wp-content\/uploads\/2024\/05\/Nachec.gif\" alt=\"\" class=\"wp-image-6814\"\/><\/figure>\n\n\n\n<p>En las \u00faltimas horas del mi\u00e9rcoles trascendi\u00f3 que el pr\u00f3ximo s\u00e1bado el Presidente de la Naci\u00f3n: Javier Milei, visitar\u00e1 el Chaco para participar de la &#8220;Convenci\u00f3n Mundial&#8221; en el marco de la inauguraci\u00f3n del Portal del Cielo, de la congregaci\u00f3n del pastor Jorge Ledesma, en la zona sur de Resistencia.<\/p>\n\n\n\n<p>El tempo, que ser\u00e1 habilitado protocolarmente este jueves, con capacidad para unas 15 mil personas, ser\u00e1 formalmente habilitado despu\u00e9s de 10 a\u00f1os de construcci\u00f3n. Su aspecto de microestadio le vali\u00f3 ya el mote popular de \u201cLa Bombonerita\u201d.<\/p>\n\n\n\n<p>El lugar fue escenario de controversias, en junio de 2020, durante la pandemia de Covid 19, cuando Ledesma celebr\u00f3 un \u201cautoculto\u201d que no hab\u00eda sido habilitado, aunque \u00e9l asever\u00f3 que el mismo Jorge Capitanich, entonces gobernador de la provincia, se lo hab\u00eda autorizado.<\/p>\n\n\n\n<p>2 meses despu\u00e9s, en el plan de desescalada, fueron autorizados los cultos con un aforo del 60%, lo que para el Portal del Cielo representaba unas 10 mil personas, lo que los especialistas hab\u00edan considerado muy riesgoso.<\/p>\n\n\n\n<p>Ahora, aunque el viaje de Milei a\u00fan no fue confirmado por la Casa Rosada, ya se diagram\u00f3 el operativo de seguridad que afectar\u00e1 a gran n\u00famero de efectivos y m\u00f3viles policiales. Tan es as\u00ed que la Liga Chaque\u00f1a reprogramar\u00eda los partidos del s\u00e1bado para liberar la mayor cantidad de polic\u00edas posible para el dispositivo de custodia presidencial.<\/p>\n\n\n\n<p>La visita alienta tambi\u00e9n a sectores enfrentados al Gobierno nacional que ven propicia la oportunidad para manifestarse.<\/p>\n","protected":false},"excerpt":{"rendered":"<p>En las \u00faltimas horas del mi\u00e9rcoles trascendi\u00f3 que el pr\u00f3ximo s\u00e1bado el Presidente de la Naci\u00f3n: Javier Milei, visitar\u00e1 el Chaco para participar de la &#8220;Convenci\u00f3n Mundial&#8221; en el marco de la inauguraci\u00f3n del Portal del Cielo, de la congregaci\u00f3n del pastor Jorge Ledesma, en la zona sur de Resistencia. El tempo, que ser\u00e1 habilitado [&hellip;]<\/p>\n","protected":false},"author":1,"featured_media":5523,"comment_status":"open","ping_status":"open","sticky":false,"template":"","format":"standard","meta":{"footnotes":""},"categories":[6],"tags":[5044,29,1108,1321,5043,1319,5042,454,49],"class_list":["post-11543","post","type-post","status-publish","format-standard","has-post-thumbnail","hentry","category-info-general","tag-bombonerita","tag-capitanich","tag-casa-rosada","tag-covid","tag-ledesma","tag-milei","tag-portal-del-cielo","tag-presidente","tag-resistencia"],"_links":{"self":[{"href":"http:\/\/hdpnoticias.com.ar\/index.php?rest_route=\/wp\/v2\/posts\/11543","targetHints":{"allow":["GET"]}}],"collection":[{"href":"http:\/\/hdpnoticias.com.ar\/index.php?rest_route=\/wp\/v2\/posts"}],"about":[{"href":"http:\/\/hdpnoticias.com.ar\/index.php?rest_route=\/wp\/v2\/types\/post"}],"author":[{"embeddable":true,"href":"http:\/\/hdpnoticias.com.ar\/index.php?rest_route=\/wp\/v2\/users\/1"}],"replies":[{"embeddable":true,"href":"http:\/\/hdpnoticias.com.ar\/index.php?rest_route=%2Fwp%2Fv2%2Fcomments&post=11543"}],"version-history":[{"count":3,"href":"http:\/\/hdpnoticias.com.ar\/index.php?rest_route=\/wp\/v2\/posts\/11543\/revisions"}],"predecessor-version":[{"id":11553,"href":"http:\/\/hdpnoticias.com.ar\/index.php?rest_route=\/wp\/v2\/posts\/11543\/revisions\/11553"}],"wp:featuredmedia":[{"embeddable":true,"href":"http:\/\/hdpnoticias.com.ar\/index.php?rest_route=\/wp\/v2\/media\/5523"}],"wp:attachment":[{"href":"http:\/\/hdpnoticias.com.ar\/index.php?rest_route=%2Fwp%2Fv2%2Fmedia&parent=11543"}],"wp:term":[{"taxonomy":"category","embeddable":true,"href":"http:\/\/hdpnoticias.com.ar\/index.php?rest_route=%2Fwp%2Fv2%2Fcategories&post=11543"},{"taxonomy":"post_tag","embeddable":true,"href":"http:\/\/hdpnoticias.com.ar\/index.php?rest_route=%2Fwp%2Fv2%2Ftags&post=11543"}],"curies":[{"name":"wp","href":"https:\/\/api.w.org\/{rel}","templated":true}]}}