{"id":11519,"date":"2025-06-29T22:46:17","date_gmt":"2025-06-30T01:46:17","guid":{"rendered":"https:\/\/hdpnoticias.com.ar\/?p=11519"},"modified":"2025-06-29T22:46:19","modified_gmt":"2025-06-30T01:46:19","slug":"encontraron-muerto-en-el-rio-a-un-hombre-desaparecido-en-barranqueras","status":"publish","type":"post","link":"http:\/\/hdpnoticias.com.ar\/?p=11519","title":{"rendered":"Encontraron muerto en el r\u00edo a un hombre desaparecido en Barranqueras"},"content":{"rendered":"\n<figure class=\"wp-block-image size-full\"><img loading=\"lazy\" decoding=\"async\" width=\"720\" height=\"90\" src=\"http:\/\/hdpnoticias.com.ar\/wp-content\/uploads\/2024\/05\/Obras-Publicas.gif\" alt=\"\" class=\"wp-image-6818\"\/><\/figure>\n\n\n\n<p>La tarde de este domingo la Polic\u00eda del Chaco despleg\u00f3 un operativo de b\u00fasqueda de personas para tratar de hallar a Nahuel Soto, de 35 a\u00f1os, despu\u00e9s de que su hermana, de 23, denunciara su desaparici\u00f3n.<\/p>\n\n\n\n<p>El dispositivo, que abarc\u00f3 toda la zona costera de Barranqueras y Puerto Vilelas, cont\u00f3 con la colaboraci\u00f3n de Prefectura Naval Argentina.<\/p>\n\n\n\n<p>Justamente efectivos de esa fuerza federal a bordo de una embarcaci\u00f3n, hallaron un hombre muerto en la costa del r\u00edo Paran\u00e1, a la altura del kil\u00f3metro 1185.<\/p>\n\n\n\n<p>Familiares reconocieron que se trataba de Nahuel Soto.<\/p>\n\n\n\n<p>El fiscal en turno dispuso el traslado del cad\u00e1ver al Instituto de Medicina y Ciencias Forenses del Poder Judicial para la pr\u00e1ctica de la autopsia de rigor, que permita determinar fehacientemente la causa y data de la muerte.<\/p>\n","protected":false},"excerpt":{"rendered":"<p>La tarde de este domingo la Polic\u00eda del Chaco despleg\u00f3 un operativo de b\u00fasqueda de personas para tratar de hallar a Nahuel Soto, de 35 a\u00f1os, despu\u00e9s de que su hermana, de 23, denunciara su desaparici\u00f3n. El dispositivo, que abarc\u00f3 toda la zona costera de Barranqueras y Puerto Vilelas, cont\u00f3 con la colaboraci\u00f3n de Prefectura [&hellip;]<\/p>\n","protected":false},"author":1,"featured_media":11520,"comment_status":"open","ping_status":"open","sticky":false,"template":"","format":"standard","meta":{"footnotes":""},"categories":[26],"tags":[3710,53,37,191,52],"class_list":["post-11519","post","type-post","status-publish","format-standard","has-post-thumbnail","hentry","category-policiales","tag-autopcia","tag-barranqueras","tag-chaco","tag-parana","tag-vilelas"],"_links":{"self":[{"href":"http:\/\/hdpnoticias.com.ar\/index.php?rest_route=\/wp\/v2\/posts\/11519","targetHints":{"allow":["GET"]}}],"collection":[{"href":"http:\/\/hdpnoticias.com.ar\/index.php?rest_route=\/wp\/v2\/posts"}],"about":[{"href":"http:\/\/hdpnoticias.com.ar\/index.php?rest_route=\/wp\/v2\/types\/post"}],"author":[{"embeddable":true,"href":"http:\/\/hdpnoticias.com.ar\/index.php?rest_route=\/wp\/v2\/users\/1"}],"replies":[{"embeddable":true,"href":"http:\/\/hdpnoticias.com.ar\/index.php?rest_route=%2Fwp%2Fv2%2Fcomments&post=11519"}],"version-history":[{"count":1,"href":"http:\/\/hdpnoticias.com.ar\/index.php?rest_route=\/wp\/v2\/posts\/11519\/revisions"}],"predecessor-version":[{"id":11521,"href":"http:\/\/hdpnoticias.com.ar\/index.php?rest_route=\/wp\/v2\/posts\/11519\/revisions\/11521"}],"wp:featuredmedia":[{"embeddable":true,"href":"http:\/\/hdpnoticias.com.ar\/index.php?rest_route=\/wp\/v2\/media\/11520"}],"wp:attachment":[{"href":"http:\/\/hdpnoticias.com.ar\/index.php?rest_route=%2Fwp%2Fv2%2Fmedia&parent=11519"}],"wp:term":[{"taxonomy":"category","embeddable":true,"href":"http:\/\/hdpnoticias.com.ar\/index.php?rest_route=%2Fwp%2Fv2%2Fcategories&post=11519"},{"taxonomy":"post_tag","embeddable":true,"href":"http:\/\/hdpnoticias.com.ar\/index.php?rest_route=%2Fwp%2Fv2%2Ftags&post=11519"}],"curies":[{"name":"wp","href":"https:\/\/api.w.org\/{rel}","templated":true}]}}