{"id":11464,"date":"2025-06-23T09:10:00","date_gmt":"2025-06-23T12:10:00","guid":{"rendered":"https:\/\/hdpnoticias.com.ar\/?p=11464"},"modified":"2025-06-23T21:26:43","modified_gmt":"2025-06-24T00:26:43","slug":"otro-motociclista-murio-atropellado-en-una-ruta-chaquena","status":"publish","type":"post","link":"http:\/\/hdpnoticias.com.ar\/?p=11464","title":{"rendered":"Motociclista de 33 a\u00f1os muri\u00f3 atropellado en la ruta 6"},"content":{"rendered":"\n<figure class=\"wp-block-image size-full\"><img loading=\"lazy\" decoding=\"async\" width=\"728\" height=\"90\" src=\"http:\/\/hdpnoticias.com.ar\/wp-content\/uploads\/2024\/05\/Nachec.gif\" alt=\"\" class=\"wp-image-6814\"\/><\/figure>\n\n\n\n<p>Ariel Alejandro Rajoy, de 33 a\u00f1os, domiciliado en el paraje India Muerta, muri\u00f3 la ma\u00f1ana de este lunes en un accidente de tr\u00e1nsito en la ruta provincial 6.<\/p>\n\n\n\n<p>Viajaba a bordo de una Guerrero Trip de 110cc. desde Las Bre\u00f1as hacia San Bernardo cuando fue embestido por una VW Tigu\u00e1n que circulaba en el mismo sentido, conducida por un hombre tambi\u00e9n de 33 a\u00f1os, domiciliado en Charata.<\/p>\n\n\n\n<p>Producto del impacto el motociclista muri\u00f3 en el acto.<\/p>\n","protected":false},"excerpt":{"rendered":"<p>Ariel Alejandro Rajoy, de 33 a\u00f1os, domiciliado en el paraje India Muerta, muri\u00f3 la ma\u00f1ana de este lunes en un accidente de tr\u00e1nsito en la ruta provincial 6. Viajaba a bordo de una Guerrero Trip de 110cc. desde Las Bre\u00f1as hacia San Bernardo cuando fue embestido por una VW Tigu\u00e1n que circulaba en el mismo [&hellip;]<\/p>\n","protected":false},"author":1,"featured_media":11465,"comment_status":"open","ping_status":"open","sticky":false,"template":"","format":"standard","meta":{"footnotes":""},"categories":[26],"tags":[1935,388,92,5010,341,5009,100,1936,89],"class_list":["post-11464","post","type-post","status-publish","format-standard","has-post-thumbnail","hentry","category-policiales","tag-guerrero","tag-las-brenas","tag-motociclista","tag-rutas-chaquenas","tag-san-bernardo","tag-tiguan","tag-tragedia","tag-trip","tag-vw"],"_links":{"self":[{"href":"http:\/\/hdpnoticias.com.ar\/index.php?rest_route=\/wp\/v2\/posts\/11464","targetHints":{"allow":["GET"]}}],"collection":[{"href":"http:\/\/hdpnoticias.com.ar\/index.php?rest_route=\/wp\/v2\/posts"}],"about":[{"href":"http:\/\/hdpnoticias.com.ar\/index.php?rest_route=\/wp\/v2\/types\/post"}],"author":[{"embeddable":true,"href":"http:\/\/hdpnoticias.com.ar\/index.php?rest_route=\/wp\/v2\/users\/1"}],"replies":[{"embeddable":true,"href":"http:\/\/hdpnoticias.com.ar\/index.php?rest_route=%2Fwp%2Fv2%2Fcomments&post=11464"}],"version-history":[{"count":2,"href":"http:\/\/hdpnoticias.com.ar\/index.php?rest_route=\/wp\/v2\/posts\/11464\/revisions"}],"predecessor-version":[{"id":11467,"href":"http:\/\/hdpnoticias.com.ar\/index.php?rest_route=\/wp\/v2\/posts\/11464\/revisions\/11467"}],"wp:featuredmedia":[{"embeddable":true,"href":"http:\/\/hdpnoticias.com.ar\/index.php?rest_route=\/wp\/v2\/media\/11465"}],"wp:attachment":[{"href":"http:\/\/hdpnoticias.com.ar\/index.php?rest_route=%2Fwp%2Fv2%2Fmedia&parent=11464"}],"wp:term":[{"taxonomy":"category","embeddable":true,"href":"http:\/\/hdpnoticias.com.ar\/index.php?rest_route=%2Fwp%2Fv2%2Fcategories&post=11464"},{"taxonomy":"post_tag","embeddable":true,"href":"http:\/\/hdpnoticias.com.ar\/index.php?rest_route=%2Fwp%2Fv2%2Ftags&post=11464"}],"curies":[{"name":"wp","href":"https:\/\/api.w.org\/{rel}","templated":true}]}}