{"id":11421,"date":"2025-06-15T22:05:19","date_gmt":"2025-06-16T01:05:19","guid":{"rendered":"https:\/\/hdpnoticias.com.ar\/?p=11421"},"modified":"2025-06-15T22:05:21","modified_gmt":"2025-06-16T01:05:21","slug":"cementerio-abandonado-el-san-francisco-solano-inundado-y-en-ruinas","status":"publish","type":"post","link":"http:\/\/hdpnoticias.com.ar\/?p=11421","title":{"rendered":"Cementerio abandonado: el San Francisco Solano inundado y en ruinas"},"content":{"rendered":"\n<figure class=\"wp-block-image size-full\"><img loading=\"lazy\" decoding=\"async\" width=\"720\" height=\"90\" src=\"http:\/\/hdpnoticias.com.ar\/wp-content\/uploads\/2024\/05\/Obras-Publicas.gif\" alt=\"\" class=\"wp-image-6818\"\/><\/figure>\n\n\n\n<p>Este domingo, D\u00eda del Padre, como todos los a\u00f1os, el cementerio San Francisco Solano convoc\u00f3 a una gran cantidad de personas para recordar a padres fallecidos.<\/p>\n\n\n\n<p>En esta oportunidad, a la ya conocida falta de mantenimiento del lugar, se sumaron las secuelas de la \u00faltima lluvia, que aneg\u00f3 gran parte del predio, dejando tumbas completamente bajo agua.<\/p>\n\n\n\n<p>La inundaci\u00f3n ved\u00f3 el acceso a vastos sectores, incluso dificult\u00f3 el tr\u00e1nsito en los pasillos de los nichos, una de las zonas consideradas m\u00e1s consolidadas del cementerio. Este cuadro es consecuencia del suelo deprimido pero tambi\u00e9n de desag\u00fces obstruidos o directamente la falta de desag\u00fces.<\/p>\n\n\n\n<p>El mal estado del cementerio no es una novedad, es una constante de todas las gestiones, pero la situaci\u00f3n es cada vez m\u00e1s ruinosa.<\/p>\n\n\n\n<p>A las notorias deficiencias de la infraestructura, se suma el colapso, con el osario com\u00fan abarrotado desde hace d\u00e9cadas, y sin parcelas vacantes para nuevas inhumaciones.<\/p>\n\n\n\n<p><strong>S\u00f3lo promesas<\/strong><\/p>\n\n\n\n<p>En su momento, las intendencias de A\u00edda Ayala y despu\u00e9s la de Jorge Capitanich, se hab\u00edan embarcado en sendos proyectos para una nueva necr\u00f3polis. Se hablaba de amplios campos tanto en la zona norte como en el sur de la capital, con capacidad incluso de cubrir la demanda de todo el \u00e1rea metropolitana, pero todo qued\u00f3 en promesas.<\/p>\n\n\n\n<p><strong>Ni promesas<\/strong><\/p>\n\n\n\n<p>Despu\u00e9s, la gesti\u00f3n de Gustavo Mart\u00ednez abord\u00f3 muy someramente la necesidad de un nuevo cementerio que remplace al colapsado San Francisco Solano, pero no hubo acciones concretas en ese sentido. Ahora es el turno de Roy Nikisch, que hasta el momento no dio se\u00f1ales al respecto.<\/p>\n","protected":false},"excerpt":{"rendered":"<p>Este domingo, D\u00eda del Padre, como todos los a\u00f1os, el cementerio San Francisco Solano convoc\u00f3 a una gran cantidad de personas para recordar a padres fallecidos. En esta oportunidad, a la ya conocida falta de mantenimiento del lugar, se sumaron las secuelas de la \u00faltima lluvia, que aneg\u00f3 gran parte del predio, dejando tumbas completamente [&hellip;]<\/p>\n","protected":false},"author":1,"featured_media":11422,"comment_status":"open","ping_status":"open","sticky":false,"template":"","format":"standard","meta":{"footnotes":""},"categories":[6],"tags":[1467,29,3445,242,4995,1955,4996,4997],"class_list":["post-11421","post","type-post","status-publish","format-standard","has-post-thumbnail","hentry","category-info-general","tag-aida","tag-capitanich","tag-cementerio","tag-gustavo","tag-inundado","tag-nikisch","tag-osario","tag-san-francisco-solano"],"_links":{"self":[{"href":"http:\/\/hdpnoticias.com.ar\/index.php?rest_route=\/wp\/v2\/posts\/11421","targetHints":{"allow":["GET"]}}],"collection":[{"href":"http:\/\/hdpnoticias.com.ar\/index.php?rest_route=\/wp\/v2\/posts"}],"about":[{"href":"http:\/\/hdpnoticias.com.ar\/index.php?rest_route=\/wp\/v2\/types\/post"}],"author":[{"embeddable":true,"href":"http:\/\/hdpnoticias.com.ar\/index.php?rest_route=\/wp\/v2\/users\/1"}],"replies":[{"embeddable":true,"href":"http:\/\/hdpnoticias.com.ar\/index.php?rest_route=%2Fwp%2Fv2%2Fcomments&post=11421"}],"version-history":[{"count":1,"href":"http:\/\/hdpnoticias.com.ar\/index.php?rest_route=\/wp\/v2\/posts\/11421\/revisions"}],"predecessor-version":[{"id":11423,"href":"http:\/\/hdpnoticias.com.ar\/index.php?rest_route=\/wp\/v2\/posts\/11421\/revisions\/11423"}],"wp:featuredmedia":[{"embeddable":true,"href":"http:\/\/hdpnoticias.com.ar\/index.php?rest_route=\/wp\/v2\/media\/11422"}],"wp:attachment":[{"href":"http:\/\/hdpnoticias.com.ar\/index.php?rest_route=%2Fwp%2Fv2%2Fmedia&parent=11421"}],"wp:term":[{"taxonomy":"category","embeddable":true,"href":"http:\/\/hdpnoticias.com.ar\/index.php?rest_route=%2Fwp%2Fv2%2Fcategories&post=11421"},{"taxonomy":"post_tag","embeddable":true,"href":"http:\/\/hdpnoticias.com.ar\/index.php?rest_route=%2Fwp%2Fv2%2Ftags&post=11421"}],"curies":[{"name":"wp","href":"https:\/\/api.w.org\/{rel}","templated":true}]}}