{"id":11411,"date":"2025-06-13T22:28:00","date_gmt":"2025-06-14T01:28:00","guid":{"rendered":"https:\/\/hdpnoticias.com.ar\/?p=11411"},"modified":"2025-06-14T10:38:32","modified_gmt":"2025-06-14T13:38:32","slug":"saenz-pena-un-motociclista-murio-atropellado-en-la-ruta-95","status":"publish","type":"post","link":"http:\/\/hdpnoticias.com.ar\/?p=11411","title":{"rendered":"S\u00e1enz Pe\u00f1a: un motociclista muri\u00f3 atropellado en la ruta 95"},"content":{"rendered":"\n<figure class=\"wp-block-image size-full\"><img loading=\"lazy\" decoding=\"async\" width=\"720\" height=\"90\" src=\"http:\/\/hdpnoticias.com.ar\/wp-content\/uploads\/2024\/05\/Obras-Publicas.gif\" alt=\"\" class=\"wp-image-6818\"\/><\/figure>\n\n\n\n<p>Roberto Cabrera, de 67 a\u00f1os, muri\u00f3 la noche de este viernes en un accidente de tr\u00e1nsito el kil\u00f3metro 1130 de la ruta nacional 95, en Presidencia Roque S\u00e1enz Pe\u00f1a.<\/p>\n\n\n\n<p>Minutos despu\u00e9s de las 21 circulaba en una motocicleta de 110cc. cuando fue embestido por una VW Amarok conducida por un hombre de 73 a\u00f1os, acompa\u00f1ado por su pareja, de 68, ambos domiciliados en Colonia Lalelay.<\/p>\n\n\n\n<p>Producto del impacto, el motociclista muri\u00f3 en el acto. Era vecino del barrio Hip\u00f3lito Yrigoyen.<\/p>\n","protected":false},"excerpt":{"rendered":"<p>Roberto Cabrera, de 67 a\u00f1os, muri\u00f3 la noche de este viernes en un accidente de tr\u00e1nsito el kil\u00f3metro 1130 de la ruta nacional 95, en Presidencia Roque S\u00e1enz Pe\u00f1a. Minutos despu\u00e9s de las 21 circulaba en una motocicleta de 110cc. cuando fue embestido por una VW Amarok conducida por un hombre de 73 a\u00f1os, acompa\u00f1ado [&hellip;]<\/p>\n","protected":false},"author":1,"featured_media":11412,"comment_status":"open","ping_status":"open","sticky":false,"template":"","format":"standard","meta":{"footnotes":""},"categories":[26],"tags":[913,92,132,95,100,89],"class_list":["post-11411","post","type-post","status-publish","format-standard","has-post-thumbnail","hentry","category-policiales","tag-amarok","tag-motociclista","tag-ruta-95","tag-saenz-pena","tag-tragedia","tag-vw"],"_links":{"self":[{"href":"http:\/\/hdpnoticias.com.ar\/index.php?rest_route=\/wp\/v2\/posts\/11411","targetHints":{"allow":["GET"]}}],"collection":[{"href":"http:\/\/hdpnoticias.com.ar\/index.php?rest_route=\/wp\/v2\/posts"}],"about":[{"href":"http:\/\/hdpnoticias.com.ar\/index.php?rest_route=\/wp\/v2\/types\/post"}],"author":[{"embeddable":true,"href":"http:\/\/hdpnoticias.com.ar\/index.php?rest_route=\/wp\/v2\/users\/1"}],"replies":[{"embeddable":true,"href":"http:\/\/hdpnoticias.com.ar\/index.php?rest_route=%2Fwp%2Fv2%2Fcomments&post=11411"}],"version-history":[{"count":2,"href":"http:\/\/hdpnoticias.com.ar\/index.php?rest_route=\/wp\/v2\/posts\/11411\/revisions"}],"predecessor-version":[{"id":11414,"href":"http:\/\/hdpnoticias.com.ar\/index.php?rest_route=\/wp\/v2\/posts\/11411\/revisions\/11414"}],"wp:featuredmedia":[{"embeddable":true,"href":"http:\/\/hdpnoticias.com.ar\/index.php?rest_route=\/wp\/v2\/media\/11412"}],"wp:attachment":[{"href":"http:\/\/hdpnoticias.com.ar\/index.php?rest_route=%2Fwp%2Fv2%2Fmedia&parent=11411"}],"wp:term":[{"taxonomy":"category","embeddable":true,"href":"http:\/\/hdpnoticias.com.ar\/index.php?rest_route=%2Fwp%2Fv2%2Fcategories&post=11411"},{"taxonomy":"post_tag","embeddable":true,"href":"http:\/\/hdpnoticias.com.ar\/index.php?rest_route=%2Fwp%2Fv2%2Ftags&post=11411"}],"curies":[{"name":"wp","href":"https:\/\/api.w.org\/{rel}","templated":true}]}}