{"id":11262,"date":"2025-05-27T19:57:38","date_gmt":"2025-05-27T22:57:38","guid":{"rendered":"https:\/\/hdpnoticias.com.ar\/?p=11262"},"modified":"2025-05-27T19:57:40","modified_gmt":"2025-05-27T22:57:40","slug":"caso-cecilia-todos-los-imputados-iran-al-mismo-juicio-por-jurado","status":"publish","type":"post","link":"http:\/\/hdpnoticias.com.ar\/?p=11262","title":{"rendered":"Caso Cecilia: todos los imputados ir\u00e1n al mismo juicio por jurado"},"content":{"rendered":"\n<figure class=\"wp-block-image size-full\"><img loading=\"lazy\" decoding=\"async\" width=\"720\" height=\"90\" src=\"http:\/\/hdpnoticias.com.ar\/wp-content\/uploads\/2024\/05\/Obras-Publicas.gif\" alt=\"\" class=\"wp-image-6818\"\/><figcaption class=\"wp-element-caption\">El denominado Clan Sena fue llevado hoy a la primera audiencia preliminar. Sus 5 colaboradores, imputados de encubrimiento, pidieron un juicio al margen pero el planteo fue rechazado.<\/figcaption><\/figure>\n\n\n\n<p>Este martes comenzaron en la C\u00e1mara Segunda en lo Criminal, de Resistencia, encabezadas por la jueza Dolly Fern\u00e1ndez, las audiencias preliminares del Caso Cecilia, en el que se investiga la muerte de Cecilia Strzyzowski, que tiene a C\u00e9sar Sena, hijo de los dirigentes sociales Emerenciano Sena y Marcela Acu\u00f1a, como principal imputado y a estos como part\u00edcipes necesarios. Adem\u00e1s, 2 parejas de estrechos colaboradores del matrimonio est\u00e1n acusados de encubrimiento: Gustavo Obreg\u00f3n y Fabiana Gonz\u00e1lez, y Gustavo Melgarejo y Griselda Reinoso.<\/p>\n\n\n\n<p>En esta instancia deben estipularse los m\u00e1rgenes del juicio por jurado en el que se definir\u00e1 el caso, y las partes deben efectuar los planteos que consideran pertinentes.<\/p>\n\n\n\n<p>La audiencia se interpret\u00f3 como p\u00fablica, pero a minutos de la apertura de la sala, se resolvi\u00f3 celebrarla sin la presencia de la prensa, por lo que los pocos periodistas que hab\u00edan ingresado fueron invitados a retirarse.<\/p>\n\n\n\n<p>La jueza inform\u00f3 despu\u00e9s que, adem\u00e1s de los reclamos de los defensores que consideraron vulnerado el derecho a la intimidad de los imputados, tambi\u00e9n import\u00f3 el acotado espacio f\u00edsico para la disposici\u00f3n de los equipos period\u00edsticos, lo que podr\u00eda condicionar el normal desenvolvimiento de la audiencia.<\/p>\n\n\n\n<p>Al finalizar se supo que los defensores de los 4 imputados por encubrimiento solicitaron dividir la causa en 2 sumarios: por un lado el femicidio y, por el otro, el encubrimiento, entendiendo que ser\u00eda los m\u00e1s justo, ya que sus representados, tal cual reza la acusaci\u00f3n, no est\u00e1n involucrados en el hecho principal. Pero esto fue rechazado.<\/p>\n\n\n\n<p>La defensa de Melgarejo, el cuidador de la chancher\u00eda de Sena en Campo Rossi, quien se cree que contribuy\u00f3 a reducir y hacer desaparecer los restos del cad\u00e1ver, plante\u00f3 la conveniencia de trasladar el juicio a otra jurisdicci\u00f3n para evitar que el jurado act\u00fae influenciado por la trascendencia medi\u00e1tica del caso desde el primer d\u00eda. Esto qued\u00f3 pendiente de resoluci\u00f3n.<\/p>\n\n\n\n<p>La audiencia pas\u00f3 a cuarto intermedio y proseguir\u00e1 el jueves 29.<\/p>\n","protected":false},"excerpt":{"rendered":"<p>Este martes comenzaron en la C\u00e1mara Segunda en lo Criminal, de Resistencia, encabezadas por la jueza Dolly Fern\u00e1ndez, las audiencias preliminares del Caso Cecilia, en el que se investiga la muerte de Cecilia Strzyzowski, que tiene a C\u00e9sar Sena, hijo de los dirigentes sociales Emerenciano Sena y Marcela Acu\u00f1a, como principal imputado y a estos [&hellip;]<\/p>\n","protected":false},"author":1,"featured_media":2678,"comment_status":"open","ping_status":"open","sticky":false,"template":"","format":"standard","meta":{"footnotes":""},"categories":[26],"tags":[1813,2182,87,409,1928,49],"class_list":["post-11262","post","type-post","status-publish","format-standard","has-post-thumbnail","hentry","category-policiales","tag-cecilia","tag-clan-sena","tag-crimen","tag-femicidio","tag-juicio-por-jurado","tag-resistencia"],"_links":{"self":[{"href":"http:\/\/hdpnoticias.com.ar\/index.php?rest_route=\/wp\/v2\/posts\/11262","targetHints":{"allow":["GET"]}}],"collection":[{"href":"http:\/\/hdpnoticias.com.ar\/index.php?rest_route=\/wp\/v2\/posts"}],"about":[{"href":"http:\/\/hdpnoticias.com.ar\/index.php?rest_route=\/wp\/v2\/types\/post"}],"author":[{"embeddable":true,"href":"http:\/\/hdpnoticias.com.ar\/index.php?rest_route=\/wp\/v2\/users\/1"}],"replies":[{"embeddable":true,"href":"http:\/\/hdpnoticias.com.ar\/index.php?rest_route=%2Fwp%2Fv2%2Fcomments&post=11262"}],"version-history":[{"count":1,"href":"http:\/\/hdpnoticias.com.ar\/index.php?rest_route=\/wp\/v2\/posts\/11262\/revisions"}],"predecessor-version":[{"id":11263,"href":"http:\/\/hdpnoticias.com.ar\/index.php?rest_route=\/wp\/v2\/posts\/11262\/revisions\/11263"}],"wp:featuredmedia":[{"embeddable":true,"href":"http:\/\/hdpnoticias.com.ar\/index.php?rest_route=\/wp\/v2\/media\/2678"}],"wp:attachment":[{"href":"http:\/\/hdpnoticias.com.ar\/index.php?rest_route=%2Fwp%2Fv2%2Fmedia&parent=11262"}],"wp:term":[{"taxonomy":"category","embeddable":true,"href":"http:\/\/hdpnoticias.com.ar\/index.php?rest_route=%2Fwp%2Fv2%2Fcategories&post=11262"},{"taxonomy":"post_tag","embeddable":true,"href":"http:\/\/hdpnoticias.com.ar\/index.php?rest_route=%2Fwp%2Fv2%2Ftags&post=11262"}],"curies":[{"name":"wp","href":"https:\/\/api.w.org\/{rel}","templated":true}]}}