{"id":11232,"date":"2025-05-22T23:18:00","date_gmt":"2025-05-23T02:18:00","guid":{"rendered":"https:\/\/hdpnoticias.com.ar\/?p=11232"},"modified":"2025-05-23T12:34:42","modified_gmt":"2025-05-23T15:34:42","slug":"piromano-incendio-instalaciones-del-parque-tiro-federal","status":"publish","type":"post","link":"http:\/\/hdpnoticias.com.ar\/?p=11232","title":{"rendered":"Pir\u00f3mano incendi\u00f3 instalaciones del Parque Tiro Federal"},"content":{"rendered":"\n<figure class=\"wp-block-image size-full\"><img loading=\"lazy\" decoding=\"async\" width=\"720\" height=\"90\" src=\"http:\/\/hdpnoticias.com.ar\/wp-content\/uploads\/2024\/05\/Copy-of-720x90-1.gif\" alt=\"\" class=\"wp-image-6806\"\/><\/figure>\n\n\n\n<p>La siesta de este viernes un hombre de 23 a\u00f1os, que se encuentra en situaci\u00f3n de calle incendi\u00f3 una casilla de seguridad e informes del Parque Urbano Tiro Federal, en la zona sur de Resistencia.<\/p>\n\n\n\n<p>El fuego alert\u00f3 a transe\u00fantes que dieron inmediato aviso en una dependencia policial ubicada en el mismo parque, y un efectivo procedi\u00f3 a la detenci\u00f3n de este sujeto, mientras otros sofocaban las llamas.<\/p>\n\n\n\n<p>En poder del pir\u00f3mano se encontraron varios encendedores, y en las inmediaciones restos de un colch\u00f3n y otros elementos que ser\u00edan de su propiedad.<\/p>\n\n\n\n<p>Varias personas que realizan actividades f\u00edsicas a diario en el predio, aseguran haberlo visto en varias situaciones, intentando da\u00f1ar motos y veh\u00edculos estacionados.<\/p>\n\n\n\n<p>Termin\u00f3 en la Comisar\u00eda Quinta.<\/p>\n","protected":false},"excerpt":{"rendered":"<p>La siesta de este viernes un hombre de 23 a\u00f1os, que se encuentra en situaci\u00f3n de calle incendi\u00f3 una casilla de seguridad e informes del Parque Urbano Tiro Federal, en la zona sur de Resistencia. El fuego alert\u00f3 a transe\u00fantes que dieron inmediato aviso en una dependencia policial ubicada en el mismo parque, y un [&hellip;]<\/p>\n","protected":false},"author":1,"featured_media":11233,"comment_status":"open","ping_status":"open","sticky":false,"template":"","format":"standard","meta":{"footnotes":""},"categories":[26],"tags":[307,4926,49,1535,97],"class_list":["post-11232","post","type-post","status-publish","format-standard","has-post-thumbnail","hentry","category-policiales","tag-incendio","tag-piromano","tag-resistencia","tag-tiro-federal","tag-zona-sur"],"_links":{"self":[{"href":"http:\/\/hdpnoticias.com.ar\/index.php?rest_route=\/wp\/v2\/posts\/11232","targetHints":{"allow":["GET"]}}],"collection":[{"href":"http:\/\/hdpnoticias.com.ar\/index.php?rest_route=\/wp\/v2\/posts"}],"about":[{"href":"http:\/\/hdpnoticias.com.ar\/index.php?rest_route=\/wp\/v2\/types\/post"}],"author":[{"embeddable":true,"href":"http:\/\/hdpnoticias.com.ar\/index.php?rest_route=\/wp\/v2\/users\/1"}],"replies":[{"embeddable":true,"href":"http:\/\/hdpnoticias.com.ar\/index.php?rest_route=%2Fwp%2Fv2%2Fcomments&post=11232"}],"version-history":[{"count":1,"href":"http:\/\/hdpnoticias.com.ar\/index.php?rest_route=\/wp\/v2\/posts\/11232\/revisions"}],"predecessor-version":[{"id":11234,"href":"http:\/\/hdpnoticias.com.ar\/index.php?rest_route=\/wp\/v2\/posts\/11232\/revisions\/11234"}],"wp:featuredmedia":[{"embeddable":true,"href":"http:\/\/hdpnoticias.com.ar\/index.php?rest_route=\/wp\/v2\/media\/11233"}],"wp:attachment":[{"href":"http:\/\/hdpnoticias.com.ar\/index.php?rest_route=%2Fwp%2Fv2%2Fmedia&parent=11232"}],"wp:term":[{"taxonomy":"category","embeddable":true,"href":"http:\/\/hdpnoticias.com.ar\/index.php?rest_route=%2Fwp%2Fv2%2Fcategories&post=11232"},{"taxonomy":"post_tag","embeddable":true,"href":"http:\/\/hdpnoticias.com.ar\/index.php?rest_route=%2Fwp%2Fv2%2Ftags&post=11232"}],"curies":[{"name":"wp","href":"https:\/\/api.w.org\/{rel}","templated":true}]}}