{"id":11159,"date":"2025-05-15T15:49:40","date_gmt":"2025-05-15T18:49:40","guid":{"rendered":"https:\/\/hdpnoticias.com.ar\/?p=11159"},"modified":"2025-05-15T15:49:42","modified_gmt":"2025-05-15T18:49:42","slug":"asumira-como-diputado-capitanich-desaparecio-sin-responder","status":"publish","type":"post","link":"http:\/\/hdpnoticias.com.ar\/?p=11159","title":{"rendered":"\u00bfAsumir\u00e1 como diputado?: Capitanich desapareci\u00f3 sin responder"},"content":{"rendered":"\n<figure class=\"wp-block-image size-full\"><img loading=\"lazy\" decoding=\"async\" width=\"728\" height=\"90\" src=\"http:\/\/hdpnoticias.com.ar\/wp-content\/uploads\/2024\/05\/Nachec.gif\" alt=\"\" class=\"wp-image-6814\"\/><\/figure>\n\n\n\n<p>El \u00faltimo domingo, apenas el Tribunal Electoral habilit\u00f3 la lectura de los primeros guarismos de las elecciones legislativas, el exgobernador Jorge Capitanich reconoci\u00f3 la derrota de su frente Chaco Merece M\u00e1s.<\/p>\n\n\n\n<p>En ese momento, cuando todav\u00eda no se cumpl\u00edas 2 horas del cierre de los comicios y apenas se hab\u00edan computado unas cuantas meses, \u00e9l ya consideraba irreversible la tendencia que entend\u00eda que se encaminaba hacia \u201c2 escenarios posibles: 8-7-1 o 9-6-1.<\/p>\n\n\n\n<p>Finalmente no se dio ninguna de esas alternativas, y de acuerdo al escrutinio provisorio clausurado minutos antes de las 22, el frente oficialista Chaco Puede + LLA consigui\u00f3 8 diputados, Chaco Merece M\u00e1s: 6, y Primero Chaco 2. E<strong><a href=\"https:\/\/hdpnoticias.com.ar\/?p=11156\">ste resultado fue confirmado por el recuento definitivo<\/a><\/strong> finalizado la tarde del mi\u00e9rcoles.<\/p>\n\n\n\n<p>Desde su \u00faltima aparici\u00f3n en esa improvisada conferencia de prensa, no hubo noticias de Capitanich. Algo similar hab\u00eda ocurrido tras su <strong><a href=\"https:\/\/hdpnoticias.com.ar\/?p=4444\">derrota en primera vuelta ante Leandro Zdero<\/a><\/strong> en las elecciones gubernamentales de 2023. Y su ausencia se prolong\u00f3 durante pr\u00e1cticamente un a\u00f1o, interrumpida apenas con <strong><a href=\"https:\/\/hdpnoticias.com.ar\/?p=8332\">2 o 3 visitas muy breves <\/a><\/strong>a la provincia.<\/p>\n\n\n\n<p>En esta oportunidad la situaci\u00f3n es distinta, ya que, conforme al resultado de las elecciones del domingo, el pr\u00f3ximo 10 de diciembre debe asumir como diputado provincial. Pero antes se espera que, como presidente del Partido Justicialista, se ponga al frente del armado de listas para las elecciones nacionales de octubre, cuando Chaco debe renovar sus 3 bancas en el Senado y 4 de las 7 con que cuenta en la C\u00e1mara de Diputados.<\/p>\n\n\n\n<p>En esa cuesti\u00f3n se centran las expectativas de sus partidarios, ya que el Consejo Provincial lo facult\u00f3 para conformar alianzas y las listas, ya que las elecciones internas fueron aplazadas este a\u00f1o.<\/p>\n\n\n\n<p>Al postularse como primer diputado provincial, <strong><a href=\"https:\/\/hdpnoticias.com.ar\/?p=11111\">ya se dijo que su candidatura ser\u00eda testimonial<\/a><\/strong> y que en octubre volver\u00eda a postularse buscando una plaza en el Senado, pero \u00e9l evit\u00f3 hablar del tema a lo largo de toda la campa\u00f1a. En varias oportunidades fue interrogado al respecto pero <strong><a href=\"https:\/\/hdpnoticias.com.ar\/?p=10709\">se neg\u00f3 a contestar e incluso se declar\u00f3 ofendido por la pregunta<\/a><\/strong>.<\/p>\n\n\n\n<p>Hablando de candidaturas testimoniales, las miradas tambi\u00e9n se posaron en los intendentes Susana Maggio, de Santa Sylvina, electa por Chaco Puede; <strong><a href=\"https:\/\/hdpnoticias.com.ar\/?p=11142\">P\u00edo Sander, de Juan Jos\u00e9 Castelli, electo por Chaco Merece M\u00e1s<\/a><\/strong>, y Magda Ayala, de Barranqueras, electa por Primero Chaco. Pero los 3 confirmaron que asumir\u00e1n, en principio, tomando licencia en sus municipios.<\/p>\n\n\n\n<p>Mientras, la decisi\u00f3n de Capitanich es un misterio. El diputado nacional Juan Manuel Pedrini, prefiri\u00f3 evitar el tema, considerando que \u201cesa es una decisi\u00f3n que debe tomar Capitanich\u201d.<\/p>\n\n\n\n<p>Si dimitiera, algo que todos en su entorno consideran un hecho, la lista de 6 diputados se completar\u00eda con <strong><a href=\"https:\/\/hdpnoticias.com.ar\/?p=11146\">Sebasti\u00e1n Ben\u00edtez Molas<\/a><\/strong>.<\/p>\n\n\n\n<p><\/p>\n","protected":false},"excerpt":{"rendered":"<p>El \u00faltimo domingo, apenas el Tribunal Electoral habilit\u00f3 la lectura de los primeros guarismos de las elecciones legislativas, el exgobernador Jorge Capitanich reconoci\u00f3 la derrota de su frente Chaco Merece M\u00e1s. En ese momento, cuando todav\u00eda no se cumpl\u00edas 2 horas del cierre de los comicios y apenas se hab\u00edan computado unas cuantas meses, \u00e9l [&hellip;]<\/p>\n","protected":false},"author":1,"featured_media":11123,"comment_status":"open","ping_status":"open","sticky":false,"template":"","format":"standard","meta":{"footnotes":""},"categories":[27],"tags":[392,4904,29,4686,4683,246,2342,293,1752,921],"class_list":["post-11159","post","type-post","status-publish","format-standard","has-post-thumbnail","hentry","category-politica","tag-ayala","tag-candidato-testimonial","tag-capitanich","tag-chaco-merece-mas","tag-chaco-puede","tag-elecciones","tag-maggio","tag-pedrini","tag-sander","tag-zdero"],"_links":{"self":[{"href":"http:\/\/hdpnoticias.com.ar\/index.php?rest_route=\/wp\/v2\/posts\/11159","targetHints":{"allow":["GET"]}}],"collection":[{"href":"http:\/\/hdpnoticias.com.ar\/index.php?rest_route=\/wp\/v2\/posts"}],"about":[{"href":"http:\/\/hdpnoticias.com.ar\/index.php?rest_route=\/wp\/v2\/types\/post"}],"author":[{"embeddable":true,"href":"http:\/\/hdpnoticias.com.ar\/index.php?rest_route=\/wp\/v2\/users\/1"}],"replies":[{"embeddable":true,"href":"http:\/\/hdpnoticias.com.ar\/index.php?rest_route=%2Fwp%2Fv2%2Fcomments&post=11159"}],"version-history":[{"count":1,"href":"http:\/\/hdpnoticias.com.ar\/index.php?rest_route=\/wp\/v2\/posts\/11159\/revisions"}],"predecessor-version":[{"id":11160,"href":"http:\/\/hdpnoticias.com.ar\/index.php?rest_route=\/wp\/v2\/posts\/11159\/revisions\/11160"}],"wp:featuredmedia":[{"embeddable":true,"href":"http:\/\/hdpnoticias.com.ar\/index.php?rest_route=\/wp\/v2\/media\/11123"}],"wp:attachment":[{"href":"http:\/\/hdpnoticias.com.ar\/index.php?rest_route=%2Fwp%2Fv2%2Fmedia&parent=11159"}],"wp:term":[{"taxonomy":"category","embeddable":true,"href":"http:\/\/hdpnoticias.com.ar\/index.php?rest_route=%2Fwp%2Fv2%2Fcategories&post=11159"},{"taxonomy":"post_tag","embeddable":true,"href":"http:\/\/hdpnoticias.com.ar\/index.php?rest_route=%2Fwp%2Fv2%2Ftags&post=11159"}],"curies":[{"name":"wp","href":"https:\/\/api.w.org\/{rel}","templated":true}]}}