{"id":11149,"date":"2025-05-13T16:29:11","date_gmt":"2025-05-13T19:29:11","guid":{"rendered":"https:\/\/hdpnoticias.com.ar\/?p=11149"},"modified":"2025-05-13T16:29:14","modified_gmt":"2025-05-13T19:29:14","slug":"pedrini-tropezamos-2-veces-con-la-misma-piedra-y-volvimos-a-perder","status":"publish","type":"post","link":"http:\/\/hdpnoticias.com.ar\/?p=11149","title":{"rendered":"Pedrini: Tropezamos 2 veces con la misma piedra y volvimos a perder"},"content":{"rendered":"\n<figure class=\"wp-block-image size-full\"><img loading=\"lazy\" decoding=\"async\" width=\"728\" height=\"90\" src=\"http:\/\/hdpnoticias.com.ar\/wp-content\/uploads\/2024\/05\/Nachec.gif\" alt=\"\" class=\"wp-image-6814\"\/><\/figure>\n\n\n\n<p>El diputado nacional Juan Manuel Pedrini, de Uni\u00f3n por la Patria, reapareci\u00f3 tras las elecciones del domingo en las que el frente Chaco Merece M\u00e1s, encabezado por el Partido Justicialista, fue derrotado por el oficialista Chaco Puede + LLA.<\/p>\n\n\n\n<p>Producto de este resultado, el oficialismo conquist\u00f3 8 de las 16 bancas en juego, Chaco Merece M\u00e1s se qued\u00f3 con 6, y en el tercer lugar se ubic\u00f3 la otra facci\u00f3n peronista: Primero Chaco, que postul\u00f3 al diputado Atlanto Honcheruk y la intendente de Barranqueras: Magda Ayala, en los primeros lugares, y merecieron las 2 bancas restantes.<\/p>\n\n\n\n<p>Pedrini lament\u00f3 la derrota de la lista encabezada por el exgobernador Jorge Capitanich, promocionada como \u201cperonismo unido\u201d, tras el acuerdo alcanzado por el coquismo con la Corriente de Expresi\u00f3n Renovada que lidera Gustavo Mart\u00ednez.<\/p>\n\n\n\n<p>El legislador, como lo demuestran los resultados, entiende que la unidad parcial del peronismo no fue suficiente, y que la decisi\u00f3n de un grupo de intendentes y diputados de conformar otro frente abon\u00f3 la derrota.<\/p>\n\n\n\n<p>\u201cTropezamos 2 veces con la misma piedra\u201d, parafrase\u00f3 para graficar la situaci\u00f3n, compar\u00e1ndola con la separaci\u00f3n del coquismo y el gustavismo en 2023, en la que el radical Leandro Zdero termin\u00f3 derrotando a Capitanich en primera vuelta.<\/p>\n\n\n\n<p>Ahora sus expectativas est\u00e1n puestas en otra oportunidad de \u201cdi\u00e1logo para buscar consenso\u201d en el armado de la lista de candidatos a diputados nacionales y senadores, ya que entiende que no habr\u00e1 elecciones internas. \u201cEspero que no volvamos a tropezar\u201d, dese\u00f3.<\/p>\n\n\n\n<p><strong>3 senadores y 4 diputados<\/strong><\/p>\n\n\n\n<p>En octubre Chaco debe elegir sus 3 senadores por la finalizaci\u00f3n del mandato del radical V\u00edctor Zimmermann y los peronistas Antonio Rodas y Mar\u00eda In\u00e9s Pilatti Vergara, m\u00e1s 4 de sus 7 bancas en la C\u00e1mara de Diputados para remplazar al radical Juan Carlos Polini, Maril\u00fa Quiroz, del PRO, y los peronistas Mar\u00eda Luisa Chomiak y Juan Manuel Pedrini.<\/p>\n\n\n\n<p>Chomiak fue electa diputada provincial el \u00faltimo domingo y, aunque no lo expres\u00f3, Pedrini buscar\u00e1 su reelecci\u00f3n. Ya antes de la definici\u00f3n de las candidaturas provinciales, el mismo Capitanich dijo que era uno de los potenciales aspirantes a cabeza de lista.<\/p>\n","protected":false},"excerpt":{"rendered":"<p>El diputado nacional Juan Manuel Pedrini, de Uni\u00f3n por la Patria, reapareci\u00f3 tras las elecciones del domingo en las que el frente Chaco Merece M\u00e1s, encabezado por el Partido Justicialista, fue derrotado por el oficialista Chaco Puede + LLA. Producto de este resultado, el oficialismo conquist\u00f3 8 de las 16 bancas en juego, Chaco Merece [&hellip;]<\/p>\n","protected":false},"author":1,"featured_media":10214,"comment_status":"open","ping_status":"open","sticky":false,"template":"","format":"standard","meta":{"footnotes":""},"categories":[27],"tags":[29,37,4900,71,242,293,991,3692,921,1592],"class_list":["post-11149","post","type-post","status-publish","format-standard","has-post-thumbnail","hentry","category-politica","tag-capitanich","tag-chaco","tag-chomizk","tag-diputados","tag-gustavo","tag-pedrini","tag-polini","tag-senadores","tag-zdero","tag-zimmermann"],"_links":{"self":[{"href":"http:\/\/hdpnoticias.com.ar\/index.php?rest_route=\/wp\/v2\/posts\/11149","targetHints":{"allow":["GET"]}}],"collection":[{"href":"http:\/\/hdpnoticias.com.ar\/index.php?rest_route=\/wp\/v2\/posts"}],"about":[{"href":"http:\/\/hdpnoticias.com.ar\/index.php?rest_route=\/wp\/v2\/types\/post"}],"author":[{"embeddable":true,"href":"http:\/\/hdpnoticias.com.ar\/index.php?rest_route=\/wp\/v2\/users\/1"}],"replies":[{"embeddable":true,"href":"http:\/\/hdpnoticias.com.ar\/index.php?rest_route=%2Fwp%2Fv2%2Fcomments&post=11149"}],"version-history":[{"count":1,"href":"http:\/\/hdpnoticias.com.ar\/index.php?rest_route=\/wp\/v2\/posts\/11149\/revisions"}],"predecessor-version":[{"id":11150,"href":"http:\/\/hdpnoticias.com.ar\/index.php?rest_route=\/wp\/v2\/posts\/11149\/revisions\/11150"}],"wp:featuredmedia":[{"embeddable":true,"href":"http:\/\/hdpnoticias.com.ar\/index.php?rest_route=\/wp\/v2\/media\/10214"}],"wp:attachment":[{"href":"http:\/\/hdpnoticias.com.ar\/index.php?rest_route=%2Fwp%2Fv2%2Fmedia&parent=11149"}],"wp:term":[{"taxonomy":"category","embeddable":true,"href":"http:\/\/hdpnoticias.com.ar\/index.php?rest_route=%2Fwp%2Fv2%2Fcategories&post=11149"},{"taxonomy":"post_tag","embeddable":true,"href":"http:\/\/hdpnoticias.com.ar\/index.php?rest_route=%2Fwp%2Fv2%2Ftags&post=11149"}],"curies":[{"name":"wp","href":"https:\/\/api.w.org\/{rel}","templated":true}]}}