{"id":11094,"date":"2025-05-09T00:13:00","date_gmt":"2025-05-09T03:13:00","guid":{"rendered":"https:\/\/hdpnoticias.com.ar\/?p=11094"},"modified":"2025-05-09T11:19:06","modified_gmt":"2025-05-09T14:19:06","slug":"murio-el-oficial-duarte-se-habia-descompensado-en-una-capacitacion-de-infanteria","status":"publish","type":"post","link":"http:\/\/hdpnoticias.com.ar\/?p=11094","title":{"rendered":"Muri\u00f3 el oficial Duarte: se hab\u00eda descompensado en una capacitaci\u00f3n de Infanter\u00eda"},"content":{"rendered":"\n<figure class=\"wp-block-image size-full\"><img loading=\"lazy\" decoding=\"async\" width=\"720\" height=\"90\" src=\"http:\/\/hdpnoticias.com.ar\/wp-content\/uploads\/2024\/05\/Obras-Publicas.gif\" alt=\"\" class=\"wp-image-6818\"\/><\/figure>\n\n\n\n<p>Este viernes muri\u00f3 el oficial Agust\u00edn Duarte, de 35 a\u00f1os, internado en grave estado desde el \u00faltimo lunes, cuando se descompens\u00f3 en la primera jornada del Curso B\u00e1sico Nacional e Internacional de Infanter\u00eda 2025, que se desarrollaba en el Centro de Entrenamiento Policial en Colonia Ben\u00edtez.<\/p>\n\n\n\n<p>El efectivo se hab\u00eda descompensado durante las pr\u00e1cticas f\u00edsicas, fue asistido por el equipo m\u00e9dico de emergencias dispuesto en el lugar, y trasladado de urgencia al hospital Perrando, donde permaneci\u00f3 desde entonces con en terapia intensiva con diagn\u00f3stico: \u201cdepresi\u00f3n del sensorio con asistencia respiratoria mec\u00e1nica\u201d.<\/p>\n\n\n\n<p>El mi\u00e9rcoles fue intervenido quir\u00fargicamente y comenz\u00f3 a recibir di\u00e1lisis, pero los ingentes esfuerzos m\u00e9dicos resultaron infructuosos y finalmente falleci\u00f3.<\/p>\n\n\n\n<p><strong>Sumario<\/strong><\/p>\n\n\n\n<p>Apenas ocurrido el hecho, la Jefatura de Polic\u00eda decidi\u00f3 suspender el curso que deb\u00eda finalizar el 4 de junio, y el \u00d3rgano de Control Institucional inici\u00f3 una investigaci\u00f3n sumaria para determinar responsabilidades, principalmente en el cuerpo de instructores encabezado por el comisario Miguel Dar\u00edo Agued, jefe del Departamento Infanter\u00eda.<\/p>\n\n\n\n<p>El jefe de la fuerza: Fernando Romero, lament\u00f3 el desenlace y record\u00f3 que la instrucci\u00f3n sumaria incluye tambi\u00e9n la documentaci\u00f3n presentada por los participantes del curso, que comprende varios ex\u00e1menes m\u00e9dicos para certificar la aptitud f\u00edsica de los polic\u00edas.<\/p>\n","protected":false},"excerpt":{"rendered":"<p>Este viernes muri\u00f3 el oficial Agust\u00edn Duarte, de 35 a\u00f1os, internado en grave estado desde el \u00faltimo lunes, cuando se descompens\u00f3 en la primera jornada del Curso B\u00e1sico Nacional e Internacional de Infanter\u00eda 2025, que se desarrollaba en el Centro de Entrenamiento Policial en Colonia Ben\u00edtez. El efectivo se hab\u00eda descompensado durante las pr\u00e1cticas f\u00edsicas, [&hellip;]<\/p>\n","protected":false},"author":1,"featured_media":11095,"comment_status":"open","ping_status":"open","sticky":false,"template":"","format":"standard","meta":{"footnotes":""},"categories":[26],"tags":[4857,37,661,1950,55,4875],"class_list":["post-11094","post","type-post","status-publish","format-standard","has-post-thumbnail","hentry","category-policiales","tag-capacitacion","tag-chaco","tag-infanteria","tag-oficial","tag-policia","tag-sensorio"],"_links":{"self":[{"href":"http:\/\/hdpnoticias.com.ar\/index.php?rest_route=\/wp\/v2\/posts\/11094","targetHints":{"allow":["GET"]}}],"collection":[{"href":"http:\/\/hdpnoticias.com.ar\/index.php?rest_route=\/wp\/v2\/posts"}],"about":[{"href":"http:\/\/hdpnoticias.com.ar\/index.php?rest_route=\/wp\/v2\/types\/post"}],"author":[{"embeddable":true,"href":"http:\/\/hdpnoticias.com.ar\/index.php?rest_route=\/wp\/v2\/users\/1"}],"replies":[{"embeddable":true,"href":"http:\/\/hdpnoticias.com.ar\/index.php?rest_route=%2Fwp%2Fv2%2Fcomments&post=11094"}],"version-history":[{"count":1,"href":"http:\/\/hdpnoticias.com.ar\/index.php?rest_route=\/wp\/v2\/posts\/11094\/revisions"}],"predecessor-version":[{"id":11096,"href":"http:\/\/hdpnoticias.com.ar\/index.php?rest_route=\/wp\/v2\/posts\/11094\/revisions\/11096"}],"wp:featuredmedia":[{"embeddable":true,"href":"http:\/\/hdpnoticias.com.ar\/index.php?rest_route=\/wp\/v2\/media\/11095"}],"wp:attachment":[{"href":"http:\/\/hdpnoticias.com.ar\/index.php?rest_route=%2Fwp%2Fv2%2Fmedia&parent=11094"}],"wp:term":[{"taxonomy":"category","embeddable":true,"href":"http:\/\/hdpnoticias.com.ar\/index.php?rest_route=%2Fwp%2Fv2%2Fcategories&post=11094"},{"taxonomy":"post_tag","embeddable":true,"href":"http:\/\/hdpnoticias.com.ar\/index.php?rest_route=%2Fwp%2Fv2%2Ftags&post=11094"}],"curies":[{"name":"wp","href":"https:\/\/api.w.org\/{rel}","templated":true}]}}