{"id":10821,"date":"2025-04-17T21:00:09","date_gmt":"2025-04-18T00:00:09","guid":{"rendered":"https:\/\/hdpnoticias.com.ar\/?p=10821"},"modified":"2025-05-05T08:21:13","modified_gmt":"2025-05-05T11:21:13","slug":"presos-por-homicidio-incendiaron-la-celda-reclamando-sus-celulares-en-saenz-pena","status":"publish","type":"post","link":"http:\/\/hdpnoticias.com.ar\/?p=10821","title":{"rendered":"Presos por homicidio incendiaron la celda reclamando celulares en S\u00e1enz Pe\u00f1a"},"content":{"rendered":"\n<figure class=\"wp-block-image size-full\"><img loading=\"lazy\" decoding=\"async\" width=\"728\" height=\"90\" src=\"http:\/\/hdpnoticias.com.ar\/wp-content\/uploads\/2024\/05\/Nachec.gif\" alt=\"\" class=\"wp-image-6814\"\/><\/figure>\n\n\n\n<p>Minutos despu\u00e9s del mediod\u00eda de este jueves, 5 hombres detenidos en la Comisar\u00eda Cuarta, de Presidencia Roque S\u00e1enz Pe\u00f1a, protagonizaron un intento de mot\u00edn y principio de incendio en la celda que compart\u00edan.<\/p>\n\n\n\n<p>Uno de ellos, de 31 a\u00f1os, est\u00e1 detenido por lesiones y amenazas; otro de 21, por supuesto hurto; uno de 20, por supuesto robo con arma; y otros 2 de 24 y 25 a\u00f1os, ambos imputados de supuesto homicidio en ocasi\u00f3n de robo,<\/p>\n\n\n\n<p>Todo comenz\u00f3 con el reclamo de la devoluci\u00f3n de sus tel\u00e9fonos celulares retirados durante una requisa, en cumplimiento de la legislaci\u00f3n vigente, que proh\u00edbe la libre tenencia de estos dispositivos m\u00f3viles a personas alojadas en unidades de detenci\u00f3n dependientes del Gobierno provincial.<\/p>\n\n\n\n<p>Ante la negativa de los guardias, comenzaron a encender ropa de cama e indumentaria, y despu\u00e9s colchones. Adem\u00e1s, intentaron agredir al llavero arroj\u00e1ndole agua caliente.<\/p>\n\n\n\n<p>El fuego fue sofocado con extinguidores de la misma comisar\u00eda, aunque por cuestiones de seguridad fue convocada la Divisi\u00f3n Bomberos.<\/p>\n","protected":false},"excerpt":{"rendered":"<p>Minutos despu\u00e9s del mediod\u00eda de este jueves, 5 hombres detenidos en la Comisar\u00eda Cuarta, de Presidencia Roque S\u00e1enz Pe\u00f1a, protagonizaron un intento de mot\u00edn y principio de incendio en la celda que compart\u00edan. Uno de ellos, de 31 a\u00f1os, est\u00e1 detenido por lesiones y amenazas; otro de 21, por supuesto hurto; uno de 20, por [&hellip;]<\/p>\n","protected":false},"author":1,"featured_media":10822,"comment_status":"open","ping_status":"open","sticky":false,"template":"","format":"standard","meta":{"footnotes":""},"categories":[26],"tags":[272,4790,283,307,284,95,3402],"class_list":["post-10821","post","type-post","status-publish","format-standard","has-post-thumbnail","hentry","category-policiales","tag-celulares","tag-dispositivos","tag-homicidio","tag-incendio","tag-presos","tag-saenz-pena","tag-telefonos-2"],"_links":{"self":[{"href":"http:\/\/hdpnoticias.com.ar\/index.php?rest_route=\/wp\/v2\/posts\/10821","targetHints":{"allow":["GET"]}}],"collection":[{"href":"http:\/\/hdpnoticias.com.ar\/index.php?rest_route=\/wp\/v2\/posts"}],"about":[{"href":"http:\/\/hdpnoticias.com.ar\/index.php?rest_route=\/wp\/v2\/types\/post"}],"author":[{"embeddable":true,"href":"http:\/\/hdpnoticias.com.ar\/index.php?rest_route=\/wp\/v2\/users\/1"}],"replies":[{"embeddable":true,"href":"http:\/\/hdpnoticias.com.ar\/index.php?rest_route=%2Fwp%2Fv2%2Fcomments&post=10821"}],"version-history":[{"count":2,"href":"http:\/\/hdpnoticias.com.ar\/index.php?rest_route=\/wp\/v2\/posts\/10821\/revisions"}],"predecessor-version":[{"id":10824,"href":"http:\/\/hdpnoticias.com.ar\/index.php?rest_route=\/wp\/v2\/posts\/10821\/revisions\/10824"}],"wp:featuredmedia":[{"embeddable":true,"href":"http:\/\/hdpnoticias.com.ar\/index.php?rest_route=\/wp\/v2\/media\/10822"}],"wp:attachment":[{"href":"http:\/\/hdpnoticias.com.ar\/index.php?rest_route=%2Fwp%2Fv2%2Fmedia&parent=10821"}],"wp:term":[{"taxonomy":"category","embeddable":true,"href":"http:\/\/hdpnoticias.com.ar\/index.php?rest_route=%2Fwp%2Fv2%2Fcategories&post=10821"},{"taxonomy":"post_tag","embeddable":true,"href":"http:\/\/hdpnoticias.com.ar\/index.php?rest_route=%2Fwp%2Fv2%2Ftags&post=10821"}],"curies":[{"name":"wp","href":"https:\/\/api.w.org\/{rel}","templated":true}]}}