{"id":10784,"date":"2025-04-13T16:21:35","date_gmt":"2025-04-13T19:21:35","guid":{"rendered":"https:\/\/hdpnoticias.com.ar\/?p=10784"},"modified":"2025-05-05T07:51:52","modified_gmt":"2025-05-05T10:51:52","slug":"asesinaron-a-un-hombre-de-un-balazo-en-la-cabeza-en-villa-rio-negro","status":"publish","type":"post","link":"http:\/\/hdpnoticias.com.ar\/?p=10784","title":{"rendered":"Asesinaron a un hombre de un balazo en la cabeza en Villa R\u00edo Negro"},"content":{"rendered":"\n<figure class=\"wp-block-image size-full\"><img loading=\"lazy\" decoding=\"async\" width=\"720\" height=\"90\" src=\"http:\/\/hdpnoticias.com.ar\/wp-content\/uploads\/2024\/05\/Copy-of-720x90-1.gif\" alt=\"\" class=\"wp-image-6806\"\/><\/figure>\n\n\n\n<p>La noche del s\u00e1bado, alrededor de las 22:40, un llamado al 911 alert\u00f3 sobre un disturbio con armas de fuego en la casa 93 de La Isla, en Villa R\u00edo Negro, en Resistencia.<\/p>\n\n\n\n<p>Al arribar la comisi\u00f3n policial encontr\u00f3 a \u00c1ngel Leiva, de 26 a\u00f1os, muerto, que recibi\u00f3 un disparo en la sien derecha que le atraves\u00f3 la cabeza.<\/p>\n\n\n\n<p>En el lugar fueron secuestrados 3 cartuchos calibre 12 y una escopeta tumbera, 5 tel\u00e9fonos celulares y una vaina servida calibre 9 mil\u00edmetros, adem\u00e1s de una motocicleta que ser\u00eda de Leiva.<\/p>\n\n\n\n<p>Los investigadores supieron que el autor del disparo habr\u00eda sido Gustavo Nadir Almir\u00f3n Molina, un hombre a quien la v\u00edctima le habr\u00eda pedido un pr\u00e9stamo que jam\u00e1s devolvi\u00f3. \u00c9ste habr\u00eda actuado junto a su pareja; ella fue detenida poco despu\u00e9s en la intersecci\u00f3n de las avenidas \u00c1valos y Martina.<\/p>\n\n\n\n<p>En la escena fueron detenidos inmediatamente el due\u00f1o de casa, de 46 a\u00f1os, y su hijo, que habr\u00edan citado a Leiva a la emboscada.<\/p>\n\n\n\n<p>Se busca al sindicado como asesino y la pistola 9 mil\u00edmetros que se cree que fue utilizada para cometer el crimen,<\/p>\n","protected":false},"excerpt":{"rendered":"<p>La noche del s\u00e1bado, alrededor de las 22:40, un llamado al 911 alert\u00f3 sobre un disturbio con armas de fuego en la casa 93 de La Isla, en Villa R\u00edo Negro, en Resistencia. Al arribar la comisi\u00f3n policial encontr\u00f3 a \u00c1ngel Leiva, de 26 a\u00f1os, muerto, que recibi\u00f3 un disparo en la sien derecha que [&hellip;]<\/p>\n","protected":false},"author":1,"featured_media":10785,"comment_status":"open","ping_status":"open","sticky":false,"template":"","format":"standard","meta":{"footnotes":""},"categories":[26],"tags":[283,49,1654,258],"class_list":["post-10784","post","type-post","status-publish","format-standard","has-post-thumbnail","hentry","category-policiales","tag-homicidio","tag-resistencia","tag-tumbera","tag-villa-rio-negro"],"_links":{"self":[{"href":"http:\/\/hdpnoticias.com.ar\/index.php?rest_route=\/wp\/v2\/posts\/10784","targetHints":{"allow":["GET"]}}],"collection":[{"href":"http:\/\/hdpnoticias.com.ar\/index.php?rest_route=\/wp\/v2\/posts"}],"about":[{"href":"http:\/\/hdpnoticias.com.ar\/index.php?rest_route=\/wp\/v2\/types\/post"}],"author":[{"embeddable":true,"href":"http:\/\/hdpnoticias.com.ar\/index.php?rest_route=\/wp\/v2\/users\/1"}],"replies":[{"embeddable":true,"href":"http:\/\/hdpnoticias.com.ar\/index.php?rest_route=%2Fwp%2Fv2%2Fcomments&post=10784"}],"version-history":[{"count":1,"href":"http:\/\/hdpnoticias.com.ar\/index.php?rest_route=\/wp\/v2\/posts\/10784\/revisions"}],"predecessor-version":[{"id":10786,"href":"http:\/\/hdpnoticias.com.ar\/index.php?rest_route=\/wp\/v2\/posts\/10784\/revisions\/10786"}],"wp:featuredmedia":[{"embeddable":true,"href":"http:\/\/hdpnoticias.com.ar\/index.php?rest_route=\/wp\/v2\/media\/10785"}],"wp:attachment":[{"href":"http:\/\/hdpnoticias.com.ar\/index.php?rest_route=%2Fwp%2Fv2%2Fmedia&parent=10784"}],"wp:term":[{"taxonomy":"category","embeddable":true,"href":"http:\/\/hdpnoticias.com.ar\/index.php?rest_route=%2Fwp%2Fv2%2Fcategories&post=10784"},{"taxonomy":"post_tag","embeddable":true,"href":"http:\/\/hdpnoticias.com.ar\/index.php?rest_route=%2Fwp%2Fv2%2Ftags&post=10784"}],"curies":[{"name":"wp","href":"https:\/\/api.w.org\/{rel}","templated":true}]}}