{"id":1074,"date":"2023-03-02T20:24:11","date_gmt":"2023-03-02T23:24:11","guid":{"rendered":"http:\/\/hdpnoticias.com.ar\/?p=1074"},"modified":"2023-04-10T08:36:51","modified_gmt":"2023-04-10T11:36:51","slug":"desaparecio-la-ambulancia-robada-por-la-guardia-washek-en-el-sauzalito","status":"publish","type":"post","link":"http:\/\/hdpnoticias.com.ar\/?p=1074","title":{"rendered":"Desapareci\u00f3 la ambulancia robada por la Guardia Washek en El Sauzalito"},"content":{"rendered":"\n<p>El \u00faltimo s\u00e1bado un grupo armado de la Guardia Washek intercept\u00f3 en un piquete en El Sauzalito y <strong><a rel=\"noreferrer noopener\" href=\"http:\/\/hdpnoticias.com.ar\/?p=981\" target=\"_blank\">se apoder\u00f3 de 4 camionetas del programa Vectores, del Ministerio de Salud de la Naci\u00f3n<\/a><\/strong>, como medida para exigir que el Gobierno provincial cumpla con la entrega de una ambulancia, asistencia alimentaria y la realizaci\u00f3n de varias obras de infraestructura, entre otras promesas.<\/p>\n\n\n\n<p>Al d\u00eda siguiente interceptaron 2 ambulancias y <strong><a href=\"http:\/\/hdpnoticias.com.ar\/?p=1008\" target=\"_blank\" rel=\"noreferrer noopener\">se apoderaron de una que pertenece al Hospital del Bicentenario<\/a><\/strong>, de Juan Jos\u00e9 Castelli, y que llegaba al hospital de El Sauzalito en calidad de pr\u00e9stamo.<\/p>\n\n\n\n<p>Seg\u00fan integrantes de la Guardia Washek, les pertenec\u00eda porque el gobernador Jorge Capitanich se la hab\u00eda prometido a ellos, al igual que la construcci\u00f3n de un hospital exclusivamente ind\u00edgena.<\/p>\n\n\n\n<p>Desde entonces el veh\u00edculo estuvo en poder de los manifestantes en uno de los cortes de ruta, primero, y despu\u00e9s en el predio de la organizaci\u00f3n. Pero en los \u00faltimos d\u00edas le perdieron el rastro.<\/p>\n\n\n\n<p>El director del hospital: David Navarro, expres\u00f3 su preocupaci\u00f3n por la situaci\u00f3n que atraviesa la comunidad, y la impunidad con la que act\u00faa la Guardia Washek. El veh\u00edculo debe ser devuelto a Castelli el pr\u00f3ximo domingo pero nadie sabe d\u00f3nde est\u00e1.<\/p>\n\n\n\n<p>Mientras, el hospital de El Sauzalito cuenta s\u00f3lo con una ambulancia. Otras 3 fueron enviadas a Resistencia para ser reparadas pero 2 de ellas, al parecer, no tienen arreglo.<\/p>\n\n\n\n<p><strong>Desbordado<\/strong><\/p>\n\n\n\n<p>El mi\u00e9rcoles, en su discurso de apertura del per\u00edodo de sesiones ordinarias de la C\u00e1mara de Diputados, el gobernador Jorge <strong><a href=\"http:\/\/hdpnoticias.com.ar\/?p=1050\" target=\"_blank\" rel=\"noreferrer noopener\">Capitanich admiti\u00f3 estar desbordado <\/a><\/strong>por la situaci\u00f3n derivada de las protestas sociales que terminan en piquetes, medidas que defini\u00f3 como &#8220;irracionales&#8221;.<\/p>\n","protected":false},"excerpt":{"rendered":"<p>El \u00faltimo s\u00e1bado un grupo armado de la Guardia Washek intercept\u00f3 en un piquete en El Sauzalito y se apoder\u00f3 de 4 camionetas del programa Vectores, del Ministerio de Salud de la Naci\u00f3n, como medida para exigir que el Gobierno provincial cumpla con la entrega de una ambulancia, asistencia alimentaria y la realizaci\u00f3n de varias [&hellip;]<\/p>\n","protected":false},"author":1,"featured_media":1009,"comment_status":"open","ping_status":"open","sticky":false,"template":"","format":"standard","meta":{"footnotes":""},"categories":[6],"tags":[789,129,417,705,704,792,692,791,49],"class_list":["post-1074","post","type-post","status-publish","format-standard","has-post-thumbnail","hentry","category-info-general","tag-ambulancia","tag-castelli","tag-el-impenetrable","tag-el-sauzalito","tag-guardia-washek","tag-hospital","tag-piquetes","tag-promesas","tag-resistencia"],"_links":{"self":[{"href":"http:\/\/hdpnoticias.com.ar\/index.php?rest_route=\/wp\/v2\/posts\/1074","targetHints":{"allow":["GET"]}}],"collection":[{"href":"http:\/\/hdpnoticias.com.ar\/index.php?rest_route=\/wp\/v2\/posts"}],"about":[{"href":"http:\/\/hdpnoticias.com.ar\/index.php?rest_route=\/wp\/v2\/types\/post"}],"author":[{"embeddable":true,"href":"http:\/\/hdpnoticias.com.ar\/index.php?rest_route=\/wp\/v2\/users\/1"}],"replies":[{"embeddable":true,"href":"http:\/\/hdpnoticias.com.ar\/index.php?rest_route=%2Fwp%2Fv2%2Fcomments&post=1074"}],"version-history":[{"count":3,"href":"http:\/\/hdpnoticias.com.ar\/index.php?rest_route=\/wp\/v2\/posts\/1074\/revisions"}],"predecessor-version":[{"id":1673,"href":"http:\/\/hdpnoticias.com.ar\/index.php?rest_route=\/wp\/v2\/posts\/1074\/revisions\/1673"}],"wp:featuredmedia":[{"embeddable":true,"href":"http:\/\/hdpnoticias.com.ar\/index.php?rest_route=\/wp\/v2\/media\/1009"}],"wp:attachment":[{"href":"http:\/\/hdpnoticias.com.ar\/index.php?rest_route=%2Fwp%2Fv2%2Fmedia&parent=1074"}],"wp:term":[{"taxonomy":"category","embeddable":true,"href":"http:\/\/hdpnoticias.com.ar\/index.php?rest_route=%2Fwp%2Fv2%2Fcategories&post=1074"},{"taxonomy":"post_tag","embeddable":true,"href":"http:\/\/hdpnoticias.com.ar\/index.php?rest_route=%2Fwp%2Fv2%2Ftags&post=1074"}],"curies":[{"name":"wp","href":"https:\/\/api.w.org\/{rel}","templated":true}]}}