{"id":10713,"date":"2025-04-04T05:59:00","date_gmt":"2025-04-04T08:59:00","guid":{"rendered":"https:\/\/hdpnoticias.com.ar\/?p=10713"},"modified":"2025-05-05T07:25:32","modified_gmt":"2025-05-05T10:25:32","slug":"eli-cuesta-tiene-fe-vamos-a-sacar-mas-de-8-diputados","status":"publish","type":"post","link":"http:\/\/hdpnoticias.com.ar\/?p=10713","title":{"rendered":"Eli Cuesta tiene una fe ciega: Vamos a sacar m\u00e1s de 8 diputados"},"content":{"rendered":"\n<figure class=\"wp-block-image size-full\"><img loading=\"lazy\" decoding=\"async\" width=\"728\" height=\"90\" src=\"http:\/\/hdpnoticias.com.ar\/wp-content\/uploads\/2024\/05\/Nachec.gif\" alt=\"\" class=\"wp-image-6814\"\/><\/figure>\n\n\n\n<p>\u00c9lida Cuesta, expresidente de la Legislatura, ocupa el octavo lugar en la lista de candidatos provinciales del frente opositor Chaco Merece M\u00e1s, encabezada por el exgobernador Jorge Capitanich.<\/p>\n\n\n\n<p>Los mismos referentes del PJ son muy moderados al pronosticar un escrutinio de las elecciones del 11 de mayo, cuando se renueven 16 de las 32 bancas. \u201cLa verdad es que <strong><a href=\"https:\/\/hdpnoticias.com.ar\/?p=10524\">esta vez la s\u00e1bana es muy corta<\/a><\/strong>\u201d, dijo la presidente del Congreso Provincial partidario: Claudia Panzardi, intendente de Laguna Blanca y exdiputada.<\/p>\n\n\n\n<p>Pero Cuesta no escatima optimismo y ve un triunfo del Chaco Merece M\u00e1s: \u201cVamos a sacar m\u00e1s de 8 diputados\u201d, confi\u00f3; conclusi\u00f3n a la que dijo haber arribado al interpretar el entusiasmo de la gente en la propuesta.<\/p>\n\n\n\n<p>Para ella, la unidad alcanzada a \u00faltima hora del plazo para presentar candidatos, entre el PJ presidido por Capitanich y la Corriente de Expresi\u00f3n Renovada que lidera Gustavo Mart\u00ednez y que hasta ese momento planeaba presenar lista propia, responde a un clamor popular y se logr\u00f3 gracias a la voluntad de ambos sectores que priorizaron la unidad por encima de los nombres y los cargos.<\/p>\n\n\n\n<p>No obstante su confianza, las expectativas de Cuesta se nutren en los candidatos testimoniales que incluir\u00eda la lista y le permitir\u00eda saltar varios lugares hacia la Legislatura. Por el momento se dice que <strong><a href=\"https:\/\/hdpnoticias.com.ar\/?p=10709\">ni Capitanich, que ocupa el primer lugar, ni el intendente de Juan Jos\u00e9 Castelli: P\u00edo Sander, tercer candidato, asumir\u00edan como diputados<\/a><\/strong>.<\/p>\n","protected":false},"excerpt":{"rendered":"<p>\u00c9lida Cuesta, expresidente de la Legislatura, ocupa el octavo lugar en la lista de candidatos provinciales del frente opositor Chaco Merece M\u00e1s, encabezada por el exgobernador Jorge Capitanich. Los mismos referentes del PJ son muy moderados al pronosticar un escrutinio de las elecciones del 11 de mayo, cuando se renueven 16 de las 32 bancas. [&hellip;]<\/p>\n","protected":false},"author":1,"featured_media":10722,"comment_status":"open","ping_status":"open","sticky":false,"template":"","format":"standard","meta":{"footnotes":""},"categories":[27],"tags":[29,4686,656,45,1752,4755],"class_list":["post-10713","post","type-post","status-publish","format-standard","has-post-thumbnail","hentry","category-politica","tag-capitanich","tag-chaco-merece-mas","tag-cuesta","tag-legislatura","tag-sander","tag-testimoniales"],"_links":{"self":[{"href":"http:\/\/hdpnoticias.com.ar\/index.php?rest_route=\/wp\/v2\/posts\/10713","targetHints":{"allow":["GET"]}}],"collection":[{"href":"http:\/\/hdpnoticias.com.ar\/index.php?rest_route=\/wp\/v2\/posts"}],"about":[{"href":"http:\/\/hdpnoticias.com.ar\/index.php?rest_route=\/wp\/v2\/types\/post"}],"author":[{"embeddable":true,"href":"http:\/\/hdpnoticias.com.ar\/index.php?rest_route=\/wp\/v2\/users\/1"}],"replies":[{"embeddable":true,"href":"http:\/\/hdpnoticias.com.ar\/index.php?rest_route=%2Fwp%2Fv2%2Fcomments&post=10713"}],"version-history":[{"count":4,"href":"http:\/\/hdpnoticias.com.ar\/index.php?rest_route=\/wp\/v2\/posts\/10713\/revisions"}],"predecessor-version":[{"id":10726,"href":"http:\/\/hdpnoticias.com.ar\/index.php?rest_route=\/wp\/v2\/posts\/10713\/revisions\/10726"}],"wp:featuredmedia":[{"embeddable":true,"href":"http:\/\/hdpnoticias.com.ar\/index.php?rest_route=\/wp\/v2\/media\/10722"}],"wp:attachment":[{"href":"http:\/\/hdpnoticias.com.ar\/index.php?rest_route=%2Fwp%2Fv2%2Fmedia&parent=10713"}],"wp:term":[{"taxonomy":"category","embeddable":true,"href":"http:\/\/hdpnoticias.com.ar\/index.php?rest_route=%2Fwp%2Fv2%2Fcategories&post=10713"},{"taxonomy":"post_tag","embeddable":true,"href":"http:\/\/hdpnoticias.com.ar\/index.php?rest_route=%2Fwp%2Fv2%2Ftags&post=10713"}],"curies":[{"name":"wp","href":"https:\/\/api.w.org\/{rel}","templated":true}]}}