{"id":10701,"date":"2025-04-03T14:38:15","date_gmt":"2025-04-03T17:38:15","guid":{"rendered":"https:\/\/hdpnoticias.com.ar\/?p=10701"},"modified":"2025-04-03T14:39:09","modified_gmt":"2025-04-03T17:39:09","slug":"padre-e-hijo-mataron-a-un-hombre-en-el-barrio-toba","status":"publish","type":"post","link":"http:\/\/hdpnoticias.com.ar\/?p=10701","title":{"rendered":"Padre e hijo mataron a un hombre en el barrio Toba de Resistencia"},"content":{"rendered":"\n<figure class=\"wp-block-image size-full\"><img loading=\"lazy\" decoding=\"async\" width=\"720\" height=\"90\" src=\"http:\/\/hdpnoticias.com.ar\/wp-content\/uploads\/2024\/05\/Copy-of-720x90-1.gif\" alt=\"\" class=\"wp-image-6806\"\/><\/figure>\n\n\n\n<p>Gregorio Hern\u00e1n Segundo, de 32 a\u00f1os, muri\u00f3 la ma\u00f1ana de este jueves como consecuencia de las lesiones sufridas en una pelea con otros 2 hombre: Padre e hijo, en el barrio Toba de Resistencia.<\/p>\n\n\n\n<p>El enfrentamiento ocurri\u00f3 alrededor de las 7. Los vecinos alertaron a la Polic\u00eda cuando vieron a Segundo inerte en el suelo, en la intersecci\u00f3n de las calles Juan XXIII y Cruz Roja.<\/p>\n\n\n\n<p>Una comisi\u00f3n de la Comisar\u00eda D\u00e9cima acudi\u00f3 al llamado. El herido fue auxiliado y trasladado al hospital Perrando, donde muri\u00f3 minutos antes del mediod\u00eda por un traumatismo de cr\u00e1neo grave, producto de una herida punzo cortante.<\/p>\n\n\n\n<p>Por el hecho, fueron detenidos V\u00edctor Chico, de 47 a\u00f1os, y su hijo Marcelo Chico, de 22. En su poder ten\u00edan un cuchillo de mesa tipo \u201cserruchito\u201d, que habr\u00eda sido utilizado en la pelea. Adem\u00e1s, les secuestraron indumentaria con manchas de sangre.<\/p>\n","protected":false},"excerpt":{"rendered":"<p>Gregorio Hern\u00e1n Segundo, de 32 a\u00f1os, muri\u00f3 la ma\u00f1ana de este jueves como consecuencia de las lesiones sufridas en una pelea con otros 2 hombre: Padre e hijo, en el barrio Toba de Resistencia. El enfrentamiento ocurri\u00f3 alrededor de las 7. Los vecinos alertaron a la Polic\u00eda cuando vieron a Segundo inerte en el suelo, [&hellip;]<\/p>\n","protected":false},"author":1,"featured_media":10702,"comment_status":"open","ping_status":"open","sticky":false,"template":"","format":"standard","meta":{"footnotes":""},"categories":[26],"tags":[4747,87,285,283,40,49,4748],"class_list":["post-10701","post","type-post","status-publish","format-standard","has-post-thumbnail","hentry","category-policiales","tag-barrio-toba","tag-crimen","tag-detenidos","tag-homicidio","tag-perrando","tag-resistencia","tag-segundo"],"_links":{"self":[{"href":"http:\/\/hdpnoticias.com.ar\/index.php?rest_route=\/wp\/v2\/posts\/10701","targetHints":{"allow":["GET"]}}],"collection":[{"href":"http:\/\/hdpnoticias.com.ar\/index.php?rest_route=\/wp\/v2\/posts"}],"about":[{"href":"http:\/\/hdpnoticias.com.ar\/index.php?rest_route=\/wp\/v2\/types\/post"}],"author":[{"embeddable":true,"href":"http:\/\/hdpnoticias.com.ar\/index.php?rest_route=\/wp\/v2\/users\/1"}],"replies":[{"embeddable":true,"href":"http:\/\/hdpnoticias.com.ar\/index.php?rest_route=%2Fwp%2Fv2%2Fcomments&post=10701"}],"version-history":[{"count":2,"href":"http:\/\/hdpnoticias.com.ar\/index.php?rest_route=\/wp\/v2\/posts\/10701\/revisions"}],"predecessor-version":[{"id":10704,"href":"http:\/\/hdpnoticias.com.ar\/index.php?rest_route=\/wp\/v2\/posts\/10701\/revisions\/10704"}],"wp:featuredmedia":[{"embeddable":true,"href":"http:\/\/hdpnoticias.com.ar\/index.php?rest_route=\/wp\/v2\/media\/10702"}],"wp:attachment":[{"href":"http:\/\/hdpnoticias.com.ar\/index.php?rest_route=%2Fwp%2Fv2%2Fmedia&parent=10701"}],"wp:term":[{"taxonomy":"category","embeddable":true,"href":"http:\/\/hdpnoticias.com.ar\/index.php?rest_route=%2Fwp%2Fv2%2Fcategories&post=10701"},{"taxonomy":"post_tag","embeddable":true,"href":"http:\/\/hdpnoticias.com.ar\/index.php?rest_route=%2Fwp%2Fv2%2Ftags&post=10701"}],"curies":[{"name":"wp","href":"https:\/\/api.w.org\/{rel}","templated":true}]}}