{"id":10666,"date":"2025-03-30T15:00:51","date_gmt":"2025-03-30T18:00:51","guid":{"rendered":"https:\/\/hdpnoticias.com.ar\/?p=10666"},"modified":"2025-03-30T15:00:54","modified_gmt":"2025-03-30T18:00:54","slug":"murio-el-policia-quemado-al-salvar-a-su-hijito-del-incendio-de-su-vivienda","status":"publish","type":"post","link":"http:\/\/hdpnoticias.com.ar\/?p=10666","title":{"rendered":"Muri\u00f3 el polic\u00eda quemado al salvar a su hijito del incendio de su vivienda"},"content":{"rendered":"\n<figure class=\"wp-block-image size-full\"><img loading=\"lazy\" decoding=\"async\" width=\"728\" height=\"90\" src=\"http:\/\/hdpnoticias.com.ar\/wp-content\/uploads\/2024\/05\/Nachec.gif\" alt=\"\" class=\"wp-image-6814\"\/><\/figure>\n\n\n\n<p>El pasado 21 de marzo Rodrigo David Medina, agente de la Polic\u00eda del Chaco, de 29 a\u00f1os, ingres\u00f3 a su vivienda en llamas para rescatar a su hijo de 3 a\u00f1os, y logr\u00f3 ponerlo a salvo.<\/p>\n\n\n\n<p>En esa acci\u00f3n, \u00e9l sufri\u00f3 severas quemaduras y fue trasladado de urgencia al hospital Perrando, donde le diagnosticaron \u201cgran quemado\u201d con el 80% del cuerpo afectado.<\/p>\n\n\n\n<p>La vivienda, en la calle Jos\u00e9 Mar\u00eda Paz al 3000, en Villa Facundo, zona sur de Resistencia, termin\u00f3 arruinada.<\/p>\n\n\n\n<p>El cuadro del polic\u00eda se agrav\u00f3 y finalmente el mediod\u00eda de este domingo se inform\u00f3 su muerte.<\/p>\n\n\n\n<p>Prestaba servicios en la Comisar\u00eda Segunda de Fontana.<\/p>\n","protected":false},"excerpt":{"rendered":"<p>El pasado 21 de marzo Rodrigo David Medina, agente de la Polic\u00eda del Chaco, de 29 a\u00f1os, ingres\u00f3 a su vivienda en llamas para rescatar a su hijo de 3 a\u00f1os, y logr\u00f3 ponerlo a salvo. En esa acci\u00f3n, \u00e9l sufri\u00f3 severas quemaduras y fue trasladado de urgencia al hospital Perrando, donde le diagnosticaron \u201cgran [&hellip;]<\/p>\n","protected":false},"author":1,"featured_media":10667,"comment_status":"open","ping_status":"open","sticky":false,"template":"","format":"standard","meta":{"footnotes":""},"categories":[6,26],"tags":[37,75,307,40,55,49,97],"class_list":["post-10666","post","type-post","status-publish","format-standard","has-post-thumbnail","hentry","category-info-general","category-policiales","tag-chaco","tag-fontana","tag-incendio","tag-perrando","tag-policia","tag-resistencia","tag-zona-sur"],"_links":{"self":[{"href":"http:\/\/hdpnoticias.com.ar\/index.php?rest_route=\/wp\/v2\/posts\/10666","targetHints":{"allow":["GET"]}}],"collection":[{"href":"http:\/\/hdpnoticias.com.ar\/index.php?rest_route=\/wp\/v2\/posts"}],"about":[{"href":"http:\/\/hdpnoticias.com.ar\/index.php?rest_route=\/wp\/v2\/types\/post"}],"author":[{"embeddable":true,"href":"http:\/\/hdpnoticias.com.ar\/index.php?rest_route=\/wp\/v2\/users\/1"}],"replies":[{"embeddable":true,"href":"http:\/\/hdpnoticias.com.ar\/index.php?rest_route=%2Fwp%2Fv2%2Fcomments&post=10666"}],"version-history":[{"count":1,"href":"http:\/\/hdpnoticias.com.ar\/index.php?rest_route=\/wp\/v2\/posts\/10666\/revisions"}],"predecessor-version":[{"id":10668,"href":"http:\/\/hdpnoticias.com.ar\/index.php?rest_route=\/wp\/v2\/posts\/10666\/revisions\/10668"}],"wp:featuredmedia":[{"embeddable":true,"href":"http:\/\/hdpnoticias.com.ar\/index.php?rest_route=\/wp\/v2\/media\/10667"}],"wp:attachment":[{"href":"http:\/\/hdpnoticias.com.ar\/index.php?rest_route=%2Fwp%2Fv2%2Fmedia&parent=10666"}],"wp:term":[{"taxonomy":"category","embeddable":true,"href":"http:\/\/hdpnoticias.com.ar\/index.php?rest_route=%2Fwp%2Fv2%2Fcategories&post=10666"},{"taxonomy":"post_tag","embeddable":true,"href":"http:\/\/hdpnoticias.com.ar\/index.php?rest_route=%2Fwp%2Fv2%2Ftags&post=10666"}],"curies":[{"name":"wp","href":"https:\/\/api.w.org\/{rel}","templated":true}]}}