{"id":10573,"date":"2025-03-22T23:46:00","date_gmt":"2025-03-23T02:46:00","guid":{"rendered":"https:\/\/hdpnoticias.com.ar\/?p=10573"},"modified":"2025-03-23T07:57:24","modified_gmt":"2025-03-23T10:57:24","slug":"chaco-merece-mas-capitanich-arreglo-con-gustavo-y-se-puso-primero-en-la-lista","status":"publish","type":"post","link":"http:\/\/hdpnoticias.com.ar\/?p=10573","title":{"rendered":"Chaco Merece M\u00e1s: Capitanich arregl\u00f3 con Gustavo y se puso primero en la lista"},"content":{"rendered":"\n<figure class=\"wp-block-image size-full\"><img loading=\"lazy\" decoding=\"async\" width=\"728\" height=\"90\" src=\"http:\/\/hdpnoticias.com.ar\/wp-content\/uploads\/2024\/05\/Nachec.gif\" alt=\"\" class=\"wp-image-6814\"\/><\/figure>\n\n\n\n<p>A horas del cierre de listas de candidatos para las elecciones legislativas del 11 de mayo, el exgobernador y presidente del PJ: Jorge Capitanich, llam\u00f3 desesperadamente a la unidad a \u201clos 2 sectores que todav\u00eda tienen dudas\u201d a formar <strong><a href=\"https:\/\/hdpnoticias.com.ar\/?p=10565\">\u201cuna verdadera oposici\u00f3n\u201d y dejar de ser \u201csocios del gobierno de Zdero y Milei\u201d,<\/a><\/strong> un mensaje destinado a Gustavo Mart\u00ednez, que preparaba los candidatos de su frente CER, y a los intendentes Magda Ayala y Juan Manuel Garcia, entre otros, que decidieron competir con el frente Primero Chaco.<\/p>\n\n\n\n<p>A \u00faltimas horas de la noche finalmente anunci\u00f3 la \u201cunidad del peronismo\u201d, aunque s\u00f3lo Mart\u00ednez acudi\u00f3 a su llamado, ya que <strong><a href=\"https:\/\/hdpnoticias.com.ar\/?p=10571\">el otro frente peronista ya hab\u00eda inscripto a sus candidatos, encabezados nada menos que por Atlanto Honcheruk<\/a><\/strong>, presidente del interbloque opositor Frente Chaque\u00f1o.<\/p>\n\n\n\n<p>Tras las discusiones, Capitanich decidi\u00f3 ser el primer candidato de la lista, seguido por la diputada nacional y exintendente de Charata: Mar\u00eda Luisa Chomiak. La lista sigue con el intendente de Juan Jos\u00e9 Castelli: P\u00edo Sander, Katia Blanc, Luciano Moser, Elda Insaurralde, Sebasti\u00e1n Ben\u00edtez Molas, \u00c9lida Cuesta, Lucas Nass, Anabela Galibert, Ricardo S\u00e1nchez, Johanna Duarte, C\u00e9sar Frugoni, Paula Oviedo, Gonz\u00e1lez y Gilda Santa Cruz.<\/p>\n\n\n\n<p>\u201cCon hombres y mujeres de cada rinc\u00f3n de la provincia, vamos a defender el trabajo, los salarios y la calidad de vida de todos los chaque\u00f1os\u201d, asever\u00f3 Capitanich.<\/p>\n","protected":false},"excerpt":{"rendered":"<p>A horas del cierre de listas de candidatos para las elecciones legislativas del 11 de mayo, el exgobernador y presidente del PJ: Jorge Capitanich, llam\u00f3 desesperadamente a la unidad a \u201clos 2 sectores que todav\u00eda tienen dudas\u201d a formar \u201cuna verdadera oposici\u00f3n\u201d y dejar de ser \u201csocios del gobierno de Zdero y Milei\u201d, un mensaje [&hellip;]<\/p>\n","protected":false},"author":1,"featured_media":5305,"comment_status":"open","ping_status":"open","sticky":false,"template":"","format":"standard","meta":{"footnotes":""},"categories":[27],"tags":[29,37,71,246,242,4715,1881,4716,1319,921],"class_list":["post-10573","post","type-post","status-publish","format-standard","has-post-thumbnail","hentry","category-politica","tag-capitanich","tag-chaco","tag-diputados","tag-elecciones","tag-gustavo","tag-lista","tag-magda","tag-merece-mas","tag-milei","tag-zdero"],"_links":{"self":[{"href":"http:\/\/hdpnoticias.com.ar\/index.php?rest_route=\/wp\/v2\/posts\/10573","targetHints":{"allow":["GET"]}}],"collection":[{"href":"http:\/\/hdpnoticias.com.ar\/index.php?rest_route=\/wp\/v2\/posts"}],"about":[{"href":"http:\/\/hdpnoticias.com.ar\/index.php?rest_route=\/wp\/v2\/types\/post"}],"author":[{"embeddable":true,"href":"http:\/\/hdpnoticias.com.ar\/index.php?rest_route=\/wp\/v2\/users\/1"}],"replies":[{"embeddable":true,"href":"http:\/\/hdpnoticias.com.ar\/index.php?rest_route=%2Fwp%2Fv2%2Fcomments&post=10573"}],"version-history":[{"count":2,"href":"http:\/\/hdpnoticias.com.ar\/index.php?rest_route=\/wp\/v2\/posts\/10573\/revisions"}],"predecessor-version":[{"id":10576,"href":"http:\/\/hdpnoticias.com.ar\/index.php?rest_route=\/wp\/v2\/posts\/10573\/revisions\/10576"}],"wp:featuredmedia":[{"embeddable":true,"href":"http:\/\/hdpnoticias.com.ar\/index.php?rest_route=\/wp\/v2\/media\/5305"}],"wp:attachment":[{"href":"http:\/\/hdpnoticias.com.ar\/index.php?rest_route=%2Fwp%2Fv2%2Fmedia&parent=10573"}],"wp:term":[{"taxonomy":"category","embeddable":true,"href":"http:\/\/hdpnoticias.com.ar\/index.php?rest_route=%2Fwp%2Fv2%2Fcategories&post=10573"},{"taxonomy":"post_tag","embeddable":true,"href":"http:\/\/hdpnoticias.com.ar\/index.php?rest_route=%2Fwp%2Fv2%2Ftags&post=10573"}],"curies":[{"name":"wp","href":"https:\/\/api.w.org\/{rel}","templated":true}]}}