{"id":10535,"date":"2025-03-19T22:40:14","date_gmt":"2025-03-20T01:40:14","guid":{"rendered":"https:\/\/hdpnoticias.com.ar\/?p=10535"},"modified":"2025-03-19T22:46:42","modified_gmt":"2025-03-20T01:46:42","slug":"preso-encendio-un-colchon-y-quemo-a-sus-companeros-de-celda-en-tirol","status":"publish","type":"post","link":"http:\/\/hdpnoticias.com.ar\/?p=10535","title":{"rendered":"Preso incendi\u00f3 un colch\u00f3n y quem\u00f3 a sus compa\u00f1eros de celda en Tirol"},"content":{"rendered":"\n<figure class=\"wp-block-image size-full\"><img loading=\"lazy\" decoding=\"async\" width=\"720\" height=\"90\" src=\"http:\/\/hdpnoticias.com.ar\/wp-content\/uploads\/2024\/05\/Copy-of-720x90-1.gif\" alt=\"\" class=\"wp-image-6806\"\/><\/figure>\n\n\n\n<p>La tarde de este mi\u00e9rcoles, un detenido de 28 a\u00f1os, condenado por el robo de un auto, que cumple condena en la comisar\u00eda de Puerto Tirol, encendi\u00f3 un colch\u00f3n como medida de protesta por la quita de celulares y exigiendo su traslado.<\/p>\n\n\n\n<p>Sus compa\u00f1eros de celda: uno de 22 y otro de 52 a\u00f1os, implicados en causas por hurto y drogas, respectivamente, fueron sorprendidos por el fuego y sufrieron lesiones.<\/p>\n\n\n\n<p>Los guardias desalojaron inmediatamente la celda y sofocaron las llamas.<\/p>\n\n\n\n<p>Los reclusos con quemaduras fueron trasladados al hospital local y regresados a la comisar\u00eda, donde formalizaron la denuncia contra el promotor del incendio.<\/p>\n","protected":false},"excerpt":{"rendered":"<p>La tarde de este mi\u00e9rcoles, un detenido de 28 a\u00f1os, condenado por el robo de un auto, que cumple condena en la comisar\u00eda de Puerto Tirol, encendi\u00f3 un colch\u00f3n como medida de protesta por la quita de celulares y exigiendo su traslado. Sus compa\u00f1eros de celda: uno de 22 y otro de 52 a\u00f1os, implicados [&hellip;]<\/p>\n","protected":false},"author":1,"featured_media":10536,"comment_status":"open","ping_status":"open","sticky":false,"template":"","format":"standard","meta":{"footnotes":""},"categories":[26],"tags":[4338,272,2093,307,1364,978],"class_list":["post-10535","post","type-post","status-publish","format-standard","has-post-thumbnail","hentry","category-policiales","tag-celda","tag-celulares","tag-colchon","tag-incendio","tag-preso","tag-puerto-tirol"],"_links":{"self":[{"href":"http:\/\/hdpnoticias.com.ar\/index.php?rest_route=\/wp\/v2\/posts\/10535","targetHints":{"allow":["GET"]}}],"collection":[{"href":"http:\/\/hdpnoticias.com.ar\/index.php?rest_route=\/wp\/v2\/posts"}],"about":[{"href":"http:\/\/hdpnoticias.com.ar\/index.php?rest_route=\/wp\/v2\/types\/post"}],"author":[{"embeddable":true,"href":"http:\/\/hdpnoticias.com.ar\/index.php?rest_route=\/wp\/v2\/users\/1"}],"replies":[{"embeddable":true,"href":"http:\/\/hdpnoticias.com.ar\/index.php?rest_route=%2Fwp%2Fv2%2Fcomments&post=10535"}],"version-history":[{"count":2,"href":"http:\/\/hdpnoticias.com.ar\/index.php?rest_route=\/wp\/v2\/posts\/10535\/revisions"}],"predecessor-version":[{"id":10538,"href":"http:\/\/hdpnoticias.com.ar\/index.php?rest_route=\/wp\/v2\/posts\/10535\/revisions\/10538"}],"wp:featuredmedia":[{"embeddable":true,"href":"http:\/\/hdpnoticias.com.ar\/index.php?rest_route=\/wp\/v2\/media\/10536"}],"wp:attachment":[{"href":"http:\/\/hdpnoticias.com.ar\/index.php?rest_route=%2Fwp%2Fv2%2Fmedia&parent=10535"}],"wp:term":[{"taxonomy":"category","embeddable":true,"href":"http:\/\/hdpnoticias.com.ar\/index.php?rest_route=%2Fwp%2Fv2%2Fcategories&post=10535"},{"taxonomy":"post_tag","embeddable":true,"href":"http:\/\/hdpnoticias.com.ar\/index.php?rest_route=%2Fwp%2Fv2%2Ftags&post=10535"}],"curies":[{"name":"wp","href":"https:\/\/api.w.org\/{rel}","templated":true}]}}