{"id":10521,"date":"2025-03-18T17:02:13","date_gmt":"2025-03-18T20:02:13","guid":{"rendered":"https:\/\/hdpnoticias.com.ar\/?p=10521"},"modified":"2025-03-18T17:02:16","modified_gmt":"2025-03-18T20:02:16","slug":"avanza-la-quita-de-celulares-a-los-presos-en-toda-la-provincia","status":"publish","type":"post","link":"http:\/\/hdpnoticias.com.ar\/?p=10521","title":{"rendered":"Avanza la quita de celulares a los presos en toda la provincia"},"content":{"rendered":"\n<figure class=\"wp-block-image size-full\"><img loading=\"lazy\" decoding=\"async\" width=\"728\" height=\"90\" src=\"http:\/\/hdpnoticias.com.ar\/wp-content\/uploads\/2024\/05\/Nachec.gif\" alt=\"\" class=\"wp-image-6814\"\/><\/figure>\n\n\n\n<p>La Polic\u00eda del Chaco y el Servicio Penitenciario Provincial siguen adelante con el prop\u00f3sito de despojar de tel\u00e9fonos celulares y otros dispositivos m\u00f3viles de comunicaci\u00f3n a todos los detenidos en unidades dependientes de la Provincia.<\/p>\n\n\n\n<p>Despu\u00e9s de una instancia en la que las autoridades apelaron a la entrega voluntaria delos aparatos, comenzaron las requisas para hallarlos en las celdas y otros sitios dentro de los lugares de acceso a detenidos.<\/p>\n\n\n\n<p>Esto se da en cumplimiento de la ley 4033-J, sancionada en mayo de 2024 a instancias del gobernador Leandro Zdero, despu\u00e9s de que su antecesor: Jorge Capitanich, vetara una norma similar aprobada en 2023.<\/p>\n\n\n\n<p>Paralelamente, en el mismo sentido, las comisar\u00edas y unidades carcelarias disponen de aparatos para garantizar la comunicaci\u00f3n de los detenidos con sus familiares y abogados.<\/p>\n\n\n\n<p><strong>Piden que frenen la quita<\/strong><\/p>\n\n\n\n<p>En contra de estas medidas, la Defensor\u00eda General y el Comit\u00e9 de Prevenci\u00f3n de la Tortura aguarda la respuesta del Superior Tribunal de Justicia al <strong><a href=\"https:\/\/hdpnoticias.com.ar\/?p=10500\">h\u00e1beas corpus presentado en favor de los detenidos<\/a><\/strong>, y la demanda de una medida cautelar que frene la quita de celulares, adem\u00e1s del pedido de declaraci\u00f3n de inconstitucionalidad de la ley.<\/p>\n\n\n\n<p>Para estos organismos, la quita de celulares afecta derechos elementales de los detenidos, impide su reinserci\u00f3n social, el v\u00ednculo con sus familias y la posibilidad de educaci\u00f3n, entre otros aspectos. Y consideran que persigue un mero inter\u00e9s pol\u00edtico, apuntado a satisfacer un reclamo de un sector de la sociedad.<\/p>\n","protected":false},"excerpt":{"rendered":"<p>La Polic\u00eda del Chaco y el Servicio Penitenciario Provincial siguen adelante con el prop\u00f3sito de despojar de tel\u00e9fonos celulares y otros dispositivos m\u00f3viles de comunicaci\u00f3n a todos los detenidos en unidades dependientes de la Provincia. Despu\u00e9s de una instancia en la que las autoridades apelaron a la entrega voluntaria delos aparatos, comenzaron las requisas para [&hellip;]<\/p>\n","protected":false},"author":1,"featured_media":10522,"comment_status":"open","ping_status":"open","sticky":false,"template":"","format":"standard","meta":{"footnotes":""},"categories":[6],"tags":[29,272,37,55,284,2542,1357,2559],"class_list":["post-10521","post","type-post","status-publish","format-standard","has-post-thumbnail","hentry","category-info-general","tag-capitanich","tag-celulares","tag-chaco","tag-policia","tag-presos","tag-servicio-penitenciario","tag-veto","tag-zdereo"],"_links":{"self":[{"href":"http:\/\/hdpnoticias.com.ar\/index.php?rest_route=\/wp\/v2\/posts\/10521","targetHints":{"allow":["GET"]}}],"collection":[{"href":"http:\/\/hdpnoticias.com.ar\/index.php?rest_route=\/wp\/v2\/posts"}],"about":[{"href":"http:\/\/hdpnoticias.com.ar\/index.php?rest_route=\/wp\/v2\/types\/post"}],"author":[{"embeddable":true,"href":"http:\/\/hdpnoticias.com.ar\/index.php?rest_route=\/wp\/v2\/users\/1"}],"replies":[{"embeddable":true,"href":"http:\/\/hdpnoticias.com.ar\/index.php?rest_route=%2Fwp%2Fv2%2Fcomments&post=10521"}],"version-history":[{"count":1,"href":"http:\/\/hdpnoticias.com.ar\/index.php?rest_route=\/wp\/v2\/posts\/10521\/revisions"}],"predecessor-version":[{"id":10523,"href":"http:\/\/hdpnoticias.com.ar\/index.php?rest_route=\/wp\/v2\/posts\/10521\/revisions\/10523"}],"wp:featuredmedia":[{"embeddable":true,"href":"http:\/\/hdpnoticias.com.ar\/index.php?rest_route=\/wp\/v2\/media\/10522"}],"wp:attachment":[{"href":"http:\/\/hdpnoticias.com.ar\/index.php?rest_route=%2Fwp%2Fv2%2Fmedia&parent=10521"}],"wp:term":[{"taxonomy":"category","embeddable":true,"href":"http:\/\/hdpnoticias.com.ar\/index.php?rest_route=%2Fwp%2Fv2%2Fcategories&post=10521"},{"taxonomy":"post_tag","embeddable":true,"href":"http:\/\/hdpnoticias.com.ar\/index.php?rest_route=%2Fwp%2Fv2%2Ftags&post=10521"}],"curies":[{"name":"wp","href":"https:\/\/api.w.org\/{rel}","templated":true}]}}