{"id":10500,"date":"2025-03-15T23:04:00","date_gmt":"2025-03-16T02:04:00","guid":{"rendered":"https:\/\/hdpnoticias.com.ar\/?p=10500"},"modified":"2025-04-07T08:42:40","modified_gmt":"2025-04-07T11:42:40","slug":"piden-al-stj-que-anule-la-ley-que-restringe-el-uso-de-celulares-a-los-presos","status":"publish","type":"post","link":"http:\/\/hdpnoticias.com.ar\/?p=10500","title":{"rendered":"Piden al STJ que anule la ley que restringe el uso de celulares a los presos"},"content":{"rendered":"\n<figure class=\"wp-block-image size-full\"><img loading=\"lazy\" decoding=\"async\" width=\"720\" height=\"90\" src=\"http:\/\/hdpnoticias.com.ar\/wp-content\/uploads\/2024\/05\/Copy-of-720x90-1.gif\" alt=\"\" class=\"wp-image-6806\"\/><\/figure>\n\n\n\n<p>En los \u00faltimos d\u00edas, tal como lo adelantara el gobernador Leandro Zdero en la Legislatura el pasado 1 de marco, se realizaron operativos para retirarles tel\u00e9fonos celulares y otros dispositivos m\u00f3viles de comunicaci\u00f3n a los detenidos en unidades carcelarias y comisar\u00edas de la provincia.<\/p>\n\n\n\n<p>La medida es en cumplimiento de la ley 4033-J, de autor\u00eda del Poder Ejecutivo, sancionada en mayo del a\u00f1o pasado y que estaba pendiente de aplicaci\u00f3n.<\/p>\n\n\n\n<p>Esta norma proh\u00edbe que los presos tengan celulares en sus celdas y obliga al Servicio Penitenciario Provincial y a la Polic\u00eda disponer de medios a los que puedan acceder para comunicarse con familiares y abogados, o tomar clases, controlados por las autoridades.<\/p>\n\n\n\n<p>El objetivo de la misma es evitar la comisi\u00f3n de delitos virtuales, desde secuestros hasta estafas, y comercializaci\u00f3n de estupefacientes, entre otros. Uno de los primeros proyectos en ese sentido fue presentado por el diputado peronista Oscar Mateo Raffin. <\/p>\n\n\n\n<p>Ahora, tras el secuestro de cientos de aparatos, el Comit\u00e9 Provincial de Prevenci\u00f3n de la Tortura, Tratos y Penas Crueles, Inhumanos y\/o Degradantes, a trav\u00e9s de su presidente Bash\u00e9 Charole, y la Defensor\u00eda General, con la firma de la defensora general adjunta Gisela Gauna Wirz, acudieron al Superior Tribunal de Justicia solicitando una medida cautelar para impedir la implementaci\u00f3n de la ley y, paralelamente, su declaraci\u00f3n de inconstitucionalidad.<\/p>\n\n\n\n<p>Para el Comit\u00e9 y la Defensor\u00eda, quitarles los celulares a los presos atenta contra derechos fundamentales: \u201cPodr\u00e1 ser \u00fatil para el gobierno de turno, que intenta calmar las m\u00faltiples demandas de la sociedad a trav\u00e9s de una pol\u00edtica meramente punitivista, pero es una falsa soluci\u00f3n&#8221;.<\/p>\n\n\n\n<p>&#8220;La utilizaci\u00f3n de celulares por parte de los reclusos se vincula con est\u00e1ndares internacionales en materia de derechos humanos, especialmente en lo que respecta al derecho a la comunicaci\u00f3n, la dignidad de las personas privadas de libertad y la reinserci\u00f3n social&#8221;, dicen al calificar como \u201cdesproporcionada\u201d la medida.<\/p>\n\n\n\n<p>Para estos, \u201cel uso de estos dispositivos ha contribuido en gran medida a fortalecer los v\u00ednculos familiares, prevenir casos de torturas y malos tratos, y permitir el acceso a justicia, salud, educaci\u00f3n y trabajo&#8221;.<\/p>\n\n\n\n<p><strong>La decisi\u00f3n de Capitanich<\/strong><\/p>\n\n\n\n<p>Durante su \u00faltima gobernaci\u00f3n, Jorge Capitanich dispuso <strong><a href=\"https:\/\/hdpnoticias.com.ar\/?p=1615\">que todos los detenidos cuenten con tel\u00e9fonos celulares y otros dispositivos m\u00f3viles, y conexi\u00f3n a Internet<\/a><\/strong>. En caso de que no contaran con uno propio, las autoridades carcelarias deb\u00edan proporcionarles uno.<\/p>\n\n\n\n<p>Esto fue rechazado hasta por legisladores de su propia bancada, que presentaron proyectos de ley para revertir la medida. Una iniciativa conjunta de oficialismo y oposici\u00f3n fue aprobada pero inmediatamente recibi\u00f3 el veto de Capitanich que s\u00f3lo accedi\u00f3 a un registro de los tel\u00e9fonos ingresados por los presos para consultar en caso de que se presuma la comisi\u00f3n de alg\u00fan delito.<\/p>\n\n\n\n<p>Un narco y un homicida<\/p>\n\n\n\n<p>La \u00faltima semana un detenido que en septiembre de 2024 fusil\u00f3 de un balazo en el pecho a un hombre para robarle la moto en un quiosco de Fontana, y otro condenado hace 4 meses en una causa por drogas, <strong><a href=\"https:\/\/hdpnoticias.com.ar\/?p=10447\">fueron despojados de sendos tel\u00e9fonos celulares<\/a><\/strong> despu\u00e9s de compartir contenido a trav\u00e9s de las redes sociales.<\/p>\n\n\n\n<p><\/p>\n","protected":false},"excerpt":{"rendered":"<p>En los \u00faltimos d\u00edas, tal como lo adelantara el gobernador Leandro Zdero en la Legislatura el pasado 1 de marco, se realizaron operativos para retirarles tel\u00e9fonos celulares y otros dispositivos m\u00f3viles de comunicaci\u00f3n a los detenidos en unidades carcelarias y comisar\u00edas de la provincia. La medida es en cumplimiento de la ley 4033-J, de autor\u00eda [&hellip;]<\/p>\n","protected":false},"author":1,"featured_media":10501,"comment_status":"open","ping_status":"open","sticky":false,"template":"","format":"standard","meta":{"footnotes":""},"categories":[6,27],"tags":[29,272,37,2472,587,284,840,1740,921],"class_list":["post-10500","post","type-post","status-publish","format-standard","has-post-thumbnail","hentry","category-info-general","category-politica","tag-capitanich","tag-celulares","tag-chaco","tag-defensoria","tag-ley","tag-presos","tag-stj","tag-tortura","tag-zdero"],"_links":{"self":[{"href":"http:\/\/hdpnoticias.com.ar\/index.php?rest_route=\/wp\/v2\/posts\/10500","targetHints":{"allow":["GET"]}}],"collection":[{"href":"http:\/\/hdpnoticias.com.ar\/index.php?rest_route=\/wp\/v2\/posts"}],"about":[{"href":"http:\/\/hdpnoticias.com.ar\/index.php?rest_route=\/wp\/v2\/types\/post"}],"author":[{"embeddable":true,"href":"http:\/\/hdpnoticias.com.ar\/index.php?rest_route=\/wp\/v2\/users\/1"}],"replies":[{"embeddable":true,"href":"http:\/\/hdpnoticias.com.ar\/index.php?rest_route=%2Fwp%2Fv2%2Fcomments&post=10500"}],"version-history":[{"count":2,"href":"http:\/\/hdpnoticias.com.ar\/index.php?rest_route=\/wp\/v2\/posts\/10500\/revisions"}],"predecessor-version":[{"id":10504,"href":"http:\/\/hdpnoticias.com.ar\/index.php?rest_route=\/wp\/v2\/posts\/10500\/revisions\/10504"}],"wp:featuredmedia":[{"embeddable":true,"href":"http:\/\/hdpnoticias.com.ar\/index.php?rest_route=\/wp\/v2\/media\/10501"}],"wp:attachment":[{"href":"http:\/\/hdpnoticias.com.ar\/index.php?rest_route=%2Fwp%2Fv2%2Fmedia&parent=10500"}],"wp:term":[{"taxonomy":"category","embeddable":true,"href":"http:\/\/hdpnoticias.com.ar\/index.php?rest_route=%2Fwp%2Fv2%2Fcategories&post=10500"},{"taxonomy":"post_tag","embeddable":true,"href":"http:\/\/hdpnoticias.com.ar\/index.php?rest_route=%2Fwp%2Fv2%2Ftags&post=10500"}],"curies":[{"name":"wp","href":"https:\/\/api.w.org\/{rel}","templated":true}]}}