{"id":10439,"date":"2025-03-10T21:11:03","date_gmt":"2025-03-11T00:11:03","guid":{"rendered":"https:\/\/hdpnoticias.com.ar\/?p=10439"},"modified":"2025-04-07T08:15:40","modified_gmt":"2025-04-07T11:15:40","slug":"casi-2-anos-despues-la-justicia-federal-reviso-la-camioneta-de-emerenciano","status":"publish","type":"post","link":"http:\/\/hdpnoticias.com.ar\/?p=10439","title":{"rendered":"Casi 2 a\u00f1os despu\u00e9s la Justicia Federal revis\u00f3 la camioneta de Emerenciano"},"content":{"rendered":"\n<figure class=\"wp-block-image size-full\"><img loading=\"lazy\" decoding=\"async\" width=\"728\" height=\"90\" src=\"http:\/\/hdpnoticias.com.ar\/wp-content\/uploads\/2024\/05\/Nachec.gif\" alt=\"\" class=\"wp-image-6814\"\/><\/figure>\n\n\n\n<p>Reci\u00e9n a un a\u00f1o y 9 meses de iniciada la causa por supuesto lavado de dinero contra el dirigente piquetero Emerenciano Sena, el Juzgado Federal 2, de Resistencia, orden\u00f3 requisar la Toyota Hilux que \u00e9ste compr\u00f3 en mayo de 2023, apenas 2 semanas antes del asesinato de su nuera: Cecilia Strzyzowski.<\/p>\n\n\n\n<p>El expediente fue iniciado tras el allanamiento a la vivienda de la familia Sena y la detenci\u00f3n del dirigente, de su esposa Marcela Acu\u00f1a y del hijo de ambos por el crimen que, seg\u00fan la imputaci\u00f3n, fue cometido en ese lugar.<\/p>\n\n\n\n<p>A pesar de que figuraba entre los bienes registrados a nombre de Sena y Acu\u00f1a, la camioneta reci\u00e9n fue secuestrada la semana pasada en poder de su abogado: Ricardo Osuna, cuando fue detenido por abigeato.<\/p>\n\n\n\n<p>Se cree que el piquetero le cedi\u00f3 a Osuna el veh\u00edculo como parte de pago de los honorarios despu\u00e9s de que renunciara a la defensa por \u201cdiferencias estrat\u00e9gicas insalvables\u201d, aunque los trascendidos aseveran que esas diferencias eran econ\u00f3micas.<\/p>\n\n\n\n<p>Ahora la Justicia Federal le encarg\u00f3 a la Polic\u00eda del Chaco el allanamiento del veh\u00edculo, procedimiento en el que s\u00f3lo secuestraron la c\u00e9dula a nombre de Emerenciano Sena, y un pendrive.<\/p>\n\n\n\n<p>La Hilux nunca fue transferida. El fiscal Patricio Sabadini cree que se evit\u00f3 formalizar el traspaso para evitar que \u201csalte\u201d que pesaba sobre ella un pedido de secuestro en la causa por lavado.<\/p>\n\n\n\n<p>Resulta improbable que Osuna, por su rol de defensor de Sena, ignorara esta situaci\u00f3n, lo que le suma otra complicaci\u00f3n a su situaci\u00f3n legal, ya que como auxiliar de la Justicia debi\u00f3 denunciar el paradero de la camioneta y sin embargo la hab\u00eda convertido en su medio de movilidad.<\/p>\n\n\n\n<p>Por esto \u00faltimo, resulta sumamente llamativo que no fuera hallada en todo este tiempo.<\/p>\n\n\n\n<p>Paralelamente, de la investigaci\u00f3n del Caso Cecilia, surge que, mientras la joven estaba desaparecida, integrantes del denominado Clan Sena, viajaron en esa camioneta a la chancher\u00eda de Campo Rossi, donde se cree que fue descartado el cuerpo, del que a\u00fan no hay rastros.<\/p>\n","protected":false},"excerpt":{"rendered":"<p>Reci\u00e9n a un a\u00f1o y 9 meses de iniciada la causa por supuesto lavado de dinero contra el dirigente piquetero Emerenciano Sena, el Juzgado Federal 2, de Resistencia, orden\u00f3 requisar la Toyota Hilux que \u00e9ste compr\u00f3 en mayo de 2023, apenas 2 semanas antes del asesinato de su nuera: Cecilia Strzyzowski. El expediente fue iniciado [&hellip;]<\/p>\n","protected":false},"author":1,"featured_media":10440,"comment_status":"open","ping_status":"open","sticky":false,"template":"","format":"standard","meta":{"footnotes":""},"categories":[6,26],"tags":[700,1813,1812,1825,2182,87,391,1801,1024,798,390],"class_list":["post-10439","post","type-post","status-publish","format-standard","has-post-thumbnail","hentry","category-info-general","category-policiales","tag-abigeato","tag-cecilia","tag-cesar","tag-chancheria","tag-clan-sena","tag-crimen","tag-hilux","tag-lavado","tag-sabadini","tag-sena","tag-toyota"],"_links":{"self":[{"href":"http:\/\/hdpnoticias.com.ar\/index.php?rest_route=\/wp\/v2\/posts\/10439","targetHints":{"allow":["GET"]}}],"collection":[{"href":"http:\/\/hdpnoticias.com.ar\/index.php?rest_route=\/wp\/v2\/posts"}],"about":[{"href":"http:\/\/hdpnoticias.com.ar\/index.php?rest_route=\/wp\/v2\/types\/post"}],"author":[{"embeddable":true,"href":"http:\/\/hdpnoticias.com.ar\/index.php?rest_route=\/wp\/v2\/users\/1"}],"replies":[{"embeddable":true,"href":"http:\/\/hdpnoticias.com.ar\/index.php?rest_route=%2Fwp%2Fv2%2Fcomments&post=10439"}],"version-history":[{"count":1,"href":"http:\/\/hdpnoticias.com.ar\/index.php?rest_route=\/wp\/v2\/posts\/10439\/revisions"}],"predecessor-version":[{"id":10441,"href":"http:\/\/hdpnoticias.com.ar\/index.php?rest_route=\/wp\/v2\/posts\/10439\/revisions\/10441"}],"wp:featuredmedia":[{"embeddable":true,"href":"http:\/\/hdpnoticias.com.ar\/index.php?rest_route=\/wp\/v2\/media\/10440"}],"wp:attachment":[{"href":"http:\/\/hdpnoticias.com.ar\/index.php?rest_route=%2Fwp%2Fv2%2Fmedia&parent=10439"}],"wp:term":[{"taxonomy":"category","embeddable":true,"href":"http:\/\/hdpnoticias.com.ar\/index.php?rest_route=%2Fwp%2Fv2%2Fcategories&post=10439"},{"taxonomy":"post_tag","embeddable":true,"href":"http:\/\/hdpnoticias.com.ar\/index.php?rest_route=%2Fwp%2Fv2%2Ftags&post=10439"}],"curies":[{"name":"wp","href":"https:\/\/api.w.org\/{rel}","templated":true}]}}