{"id":10396,"date":"2025-03-04T22:22:49","date_gmt":"2025-03-05T01:22:49","guid":{"rendered":"https:\/\/hdpnoticias.com.ar\/?p=10396"},"modified":"2025-04-07T08:01:08","modified_gmt":"2025-04-07T11:01:08","slug":"video-la-hilux-que-emerenciano-acababa-de-estrenar-estaba-en-manos-de-osuna","status":"publish","type":"post","link":"http:\/\/hdpnoticias.com.ar\/?p=10396","title":{"rendered":"VIDEO | La Hilux que Emerenciano acababa de estrenar estaba en manos de Osuna"},"content":{"rendered":"\n<figure class=\"wp-block-image size-full\"><img loading=\"lazy\" decoding=\"async\" width=\"720\" height=\"90\" src=\"http:\/\/hdpnoticias.com.ar\/wp-content\/uploads\/2024\/05\/Copy-of-720x90-1.gif\" alt=\"\" class=\"wp-image-6806\"\/><\/figure>\n\n\n\n<p>El abogado Ricardo Osuna, defensor de Emerenciano Sena en la causa por el femicidio de Cecilia Strzyzowski, fue <strong><a href=\"https:\/\/hdpnoticias.com.ar\/?p=10392\">detenido en el marco de una investigaci\u00f3n por el robo de ganado<\/a><\/strong>.<\/p>\n\n\n\n<p>Al momento de su detenci\u00f3n se movilizaba en una Toyota Hilux que, una vez identificada, se supo que pertenec\u00eda al dirigente piquetero y su esposa Marcela Acu\u00f1a, tambi\u00e9n detenida por el caso Cecilia, al igual que el hijo de ambos: C\u00e9sar Sena, expareja de la v\u00edctima, principal imputado.<\/p>\n\n\n\n<p>El veh\u00edculo fue registrado el 19 de mayo, 2 semanas antes de la desaparici\u00f3n de Cecilia, que hab\u00eda sido vista por \u00faltima vez ingresando a la casa de la familia en Santa Mar\u00eda de Oro 1260, en Resistencia.<\/p>\n\n\n\n<p>Emerenciano fue detenido una semana despu\u00e9s y hasta hoy no recuper\u00f3 la libertad, por lo que s\u00f3lo pudo disfrutar su camioneta durante 20 d\u00edas.<\/p>\n\n\n\n<p>El matrimonio piquetero hab\u00eda extendido una c\u00e9dula azul a Gustavo Obreg\u00f3n, estrecho colaborador suyo, tambi\u00e9n detenido, acusado de encubrimiento agravado del crimen.<\/p>\n\n\n\n<p>Osuna hab\u00eda renunciado a la defensa de Sena aduciendo diferencias de criterios en la estrategia, debido a las intervenciones de Marcela, tambi\u00e9n abogada. Sin embargo, los corrillos aseveraban que la diferencia era econ\u00f3mica.<\/p>\n\n\n\n<p>Tiempo despu\u00e9s Osuna retom\u00f3 su trabajo. Al parecer, llegaron a un acuerdo despu\u00e9s de que Emerenciano le cediera la Toyota Hilux.<\/p>\n\n\n\n<iframe loading=\"lazy\" src=\"https:\/\/www.facebook.com\/plugins\/video.php?height=258&#038;href=https%3A%2F%2Fwww.facebook.com%2Fhdpchaco%2Fvideos%2F697835036030018%2F&#038;show_text=false&#038;width=560&#038;t=0\" width=\"560\" height=\"258\" style=\"border:none;overflow:hidden\" scrolling=\"no\" frameborder=\"0\" allowfullscreen=\"true\" allow=\"autoplay; clipboard-write; encrypted-media; picture-in-picture; web-share\" allowFullScreen=\"true\"><\/iframe>\n","protected":false},"excerpt":{"rendered":"<p>El abogado Ricardo Osuna, defensor de Emerenciano Sena en la causa por el femicidio de Cecilia Strzyzowski, fue detenido en el marco de una investigaci\u00f3n por el robo de ganado. Al momento de su detenci\u00f3n se movilizaba en una Toyota Hilux que, una vez identificada, se supo que pertenec\u00eda al dirigente piquetero y su esposa [&hellip;]<\/p>\n","protected":false},"author":1,"featured_media":10397,"comment_status":"open","ping_status":"open","sticky":false,"template":"","format":"standard","meta":{"footnotes":""},"categories":[6,26],"tags":[700,1813,1812,793,409,391,1787,1992,390],"class_list":["post-10396","post","type-post","status-publish","format-standard","has-post-thumbnail","hentry","category-info-general","category-policiales","tag-abigeato","tag-cecilia","tag-cesar","tag-emerenciano","tag-femicidio","tag-hilux","tag-marcela","tag-osuna","tag-toyota"],"_links":{"self":[{"href":"http:\/\/hdpnoticias.com.ar\/index.php?rest_route=\/wp\/v2\/posts\/10396","targetHints":{"allow":["GET"]}}],"collection":[{"href":"http:\/\/hdpnoticias.com.ar\/index.php?rest_route=\/wp\/v2\/posts"}],"about":[{"href":"http:\/\/hdpnoticias.com.ar\/index.php?rest_route=\/wp\/v2\/types\/post"}],"author":[{"embeddable":true,"href":"http:\/\/hdpnoticias.com.ar\/index.php?rest_route=\/wp\/v2\/users\/1"}],"replies":[{"embeddable":true,"href":"http:\/\/hdpnoticias.com.ar\/index.php?rest_route=%2Fwp%2Fv2%2Fcomments&post=10396"}],"version-history":[{"count":2,"href":"http:\/\/hdpnoticias.com.ar\/index.php?rest_route=\/wp\/v2\/posts\/10396\/revisions"}],"predecessor-version":[{"id":10400,"href":"http:\/\/hdpnoticias.com.ar\/index.php?rest_route=\/wp\/v2\/posts\/10396\/revisions\/10400"}],"wp:featuredmedia":[{"embeddable":true,"href":"http:\/\/hdpnoticias.com.ar\/index.php?rest_route=\/wp\/v2\/media\/10397"}],"wp:attachment":[{"href":"http:\/\/hdpnoticias.com.ar\/index.php?rest_route=%2Fwp%2Fv2%2Fmedia&parent=10396"}],"wp:term":[{"taxonomy":"category","embeddable":true,"href":"http:\/\/hdpnoticias.com.ar\/index.php?rest_route=%2Fwp%2Fv2%2Fcategories&post=10396"},{"taxonomy":"post_tag","embeddable":true,"href":"http:\/\/hdpnoticias.com.ar\/index.php?rest_route=%2Fwp%2Fv2%2Ftags&post=10396"}],"curies":[{"name":"wp","href":"https:\/\/api.w.org\/{rel}","templated":true}]}}