{"id":10371,"date":"2025-03-01T23:01:38","date_gmt":"2025-03-02T02:01:38","guid":{"rendered":"https:\/\/hdpnoticias.com.ar\/?p=10371"},"modified":"2025-04-07T07:43:45","modified_gmt":"2025-04-07T10:43:45","slug":"saenz-pena-cumplio-113-anos-cipoliini-llamo-a-seguir-trabajando-por-una-ciudad-mejor","status":"publish","type":"post","link":"http:\/\/hdpnoticias.com.ar\/?p=10371","title":{"rendered":"S\u00e1enz Pe\u00f1a cumpli\u00f3 113 a\u00f1os: Cipoliini llam\u00f3 a seguir trabajando por una ciudad mejor"},"content":{"rendered":"\n<figure class=\"wp-block-image size-full\"><img loading=\"lazy\" decoding=\"async\" width=\"720\" height=\"90\" src=\"http:\/\/hdpnoticias.com.ar\/wp-content\/uploads\/2024\/05\/Obras-Publicas.gif\" alt=\"\" class=\"wp-image-6818\"\/><\/figure>\n\n\n\n<p>Este 1 de marzo Presidencia Roque S\u00e1enz Pe\u00f1a celebr\u00f3 su 113\u00b0 aniversario. Lo hizo con una serie de eventos que comenzaron la noche del viernes con la ya tradicional vigilia en el parque del Mural del Centenario, a la que asisti\u00f3 el gobernador Leandro Zdero.<\/p>\n\n\n\n<p>Una multitud particip\u00f3 de un espect\u00e1culo art\u00edstico con n\u00fameros locales y el cierre de El Chaque\u00f1o Palavecino y un show de fuegos artificiales.<\/p>\n\n\n\n<p>La jornada de este s\u00e1bado comenz\u00f3 el izamiento de la bandera nacional en la plaza San Mart\u00edn, fue izada la de la ciudad en la rotonda de las rutas nacionales 16 y 95.<\/p>\n\n\n\n<p>Al atardecer, el acto protocolar en la esquina de las calles 12 y 7, y el desfile, volvieron a reunir a los vecinos.<\/p>\n\n\n\n<p>\u201cEstamos trabajando para resolver los problemas sin importar de qui\u00e9n es la responsabilidad de encontrar las soluciones\u201d, dijo el intendente Bruno Cipolini tras una rese\u00f1a de los albores de la ciudad. Pero aclar\u00f3 que S\u00e1enz Pe\u00f1a no es una isla y hay cuestiones que requieren de una mirada especial de otros niveles del Estado, y agradeci\u00f3 la predisposici\u00f3n del Gobernador para trabajar en conjunto.<\/p>\n\n\n\n<p>\u201cMuchas de las demandas que planteamos ya est\u00e1n encaminadas y dando los primeros pasos\u201d, dijo sobre la respuesta del Gobierno provincial, y enunci\u00f3 la ampliaci\u00f3n del Complejo Penitenciario, patrulleros, equipamiento y la incorporaci\u00f3n de 40 agentes a comisar\u00edas de S\u00e1enz Pe\u00f1a tras la reapertura de la Escuela de Polic\u00eda, para fortalecer el sistema de seguridad.<\/p>\n\n\n\n<p>Tambi\u00e9n se\u00f1al\u00f3 la ampliaci\u00f3n del alcance del Centro de Monitoreo Municipal que pronto alcanzar\u00e1 las 800 c\u00e1maras, y record\u00f3 el debate generado en torno a la pertinencia del sistema cuya utilidad ya fue demostrada con resultados, evitando la comisi\u00f3n de delitos o aportando a su esclarecimiento.<\/p>\n\n\n\n<p>Paralelamente, destac\u00f3 que despu\u00e9s de m\u00e1s de 2 d\u00e9cadas con s\u00f3lo 3 fiscal\u00edas de Investigaci\u00f3n Penal que terminaron colapsadas y tras a\u00f1os de infructuosos reclamos al Gobierno provincial, en breve se habilitar\u00e1n 2 nuevas fiscal\u00edas. Para \u00e9l, esto es clave porque \u201cuna causa que no llega a su resoluci\u00f3n equivale a un delincuente suelto. Los que eligen vivir al margen de la ley deben asumir las consecuencias, y esto no se puede lograr con una Justicia colapsada\u201d.<\/p>\n\n\n\n<p>En materia de infraestructura anunci\u00f3 que Sameep ya adquiri\u00f3 las bombas que ser\u00e1n instaladas para potenciar el sistema cloacal; que avanza la construcci\u00f3n del Aut\u00f3dromo Centrochaque\u00f1o, que se abocar\u00e1n con la Provincia en las obras para dotar al Parque Industrial de la provisi\u00f3n de gas necesaria.<\/p>\n\n\n\n<p>Y describiendo la importancia de la ciudad en la regi\u00f3n, por su estrat\u00e9gica ubicaci\u00f3n, dijo que ya est\u00e1n encausadas las gestiones con un consorcio brasile\u00f1o para la reactivaci\u00f3n del aeropuerto.<\/p>\n\n\n\n<p>Para completar, convoc\u00f3: \u201cSigamos trabajando por un S\u00e1enz Pe\u00f1a mejor, como nuestros padres, nuestros abuelos, siguiendo del camino se\u00f1alado por los pioneros, aportando cada uno lo mejor de s\u00ed\u201d. Y alent\u00f3 a \u201ctransmitir el orgullo de ser saenzpe\u00f1enses\u201d.<\/p>\n","protected":false},"excerpt":{"rendered":"<p>Este 1 de marzo Presidencia Roque S\u00e1enz Pe\u00f1a celebr\u00f3 su 113\u00b0 aniversario. Lo hizo con una serie de eventos que comenzaron la noche del viernes con la ya tradicional vigilia en el parque del Mural del Centenario, a la que asisti\u00f3 el gobernador Leandro Zdero. Una multitud particip\u00f3 de un espect\u00e1culo art\u00edstico con n\u00fameros locales [&hellip;]<\/p>\n","protected":false},"author":1,"featured_media":10372,"comment_status":"open","ping_status":"open","sticky":false,"template":"","format":"standard","meta":{"footnotes":""},"categories":[6,27],"tags":[431,395,975,95,921],"class_list":["post-10371","post","type-post","status-publish","format-standard","has-post-thumbnail","hentry","category-info-general","category-politica","tag-aniversario","tag-cipolini","tag-ciudad-termal","tag-saenz-pena","tag-zdero"],"_links":{"self":[{"href":"http:\/\/hdpnoticias.com.ar\/index.php?rest_route=\/wp\/v2\/posts\/10371","targetHints":{"allow":["GET"]}}],"collection":[{"href":"http:\/\/hdpnoticias.com.ar\/index.php?rest_route=\/wp\/v2\/posts"}],"about":[{"href":"http:\/\/hdpnoticias.com.ar\/index.php?rest_route=\/wp\/v2\/types\/post"}],"author":[{"embeddable":true,"href":"http:\/\/hdpnoticias.com.ar\/index.php?rest_route=\/wp\/v2\/users\/1"}],"replies":[{"embeddable":true,"href":"http:\/\/hdpnoticias.com.ar\/index.php?rest_route=%2Fwp%2Fv2%2Fcomments&post=10371"}],"version-history":[{"count":1,"href":"http:\/\/hdpnoticias.com.ar\/index.php?rest_route=\/wp\/v2\/posts\/10371\/revisions"}],"predecessor-version":[{"id":10373,"href":"http:\/\/hdpnoticias.com.ar\/index.php?rest_route=\/wp\/v2\/posts\/10371\/revisions\/10373"}],"wp:featuredmedia":[{"embeddable":true,"href":"http:\/\/hdpnoticias.com.ar\/index.php?rest_route=\/wp\/v2\/media\/10372"}],"wp:attachment":[{"href":"http:\/\/hdpnoticias.com.ar\/index.php?rest_route=%2Fwp%2Fv2%2Fmedia&parent=10371"}],"wp:term":[{"taxonomy":"category","embeddable":true,"href":"http:\/\/hdpnoticias.com.ar\/index.php?rest_route=%2Fwp%2Fv2%2Fcategories&post=10371"},{"taxonomy":"post_tag","embeddable":true,"href":"http:\/\/hdpnoticias.com.ar\/index.php?rest_route=%2Fwp%2Fv2%2Ftags&post=10371"}],"curies":[{"name":"wp","href":"https:\/\/api.w.org\/{rel}","templated":true}]}}