{"id":10243,"date":"2025-02-16T22:55:36","date_gmt":"2025-02-17T01:55:36","guid":{"rendered":"https:\/\/hdpnoticias.com.ar\/?p=10243"},"modified":"2025-02-16T22:55:39","modified_gmt":"2025-02-17T01:55:39","slug":"motociclista-murio-atropellado-en-la-ruta-7","status":"publish","type":"post","link":"http:\/\/hdpnoticias.com.ar\/?p=10243","title":{"rendered":"Motociclista muri\u00f3 atropellado en la ruta 7"},"content":{"rendered":"\n<figure class=\"wp-block-image size-full\"><img loading=\"lazy\" decoding=\"async\" width=\"720\" height=\"90\" src=\"http:\/\/hdpnoticias.com.ar\/wp-content\/uploads\/2024\/05\/Obras-Publicas.gif\" alt=\"\" class=\"wp-image-6818\"\/><\/figure>\n\n\n\n<p>Sergio Salvador Osuna, de 39 a\u00f1os, muri\u00f3 la ma\u00f1ana de este domingo en un accidente de tr\u00e1nsito en la ruta provincial 7, en General San Mart\u00edn.<\/p>\n\n\n\n<p>Conduc\u00eda una motocicleta de 110cc. cuando, minutos despu\u00e9s de las 9, fue embestido desde atr\u00e1s por un Fiat Palio conducido por un hombre de 79 a\u00f1os.<\/p>\n\n\n\n<p>Un equipo m\u00e9dico de emergencias lleg\u00f3 al lugar y confirm\u00f3 que hab\u00eda muerto en el acto.<\/p>\n","protected":false},"excerpt":{"rendered":"<p>Sergio Salvador Osuna, de 39 a\u00f1os, muri\u00f3 la ma\u00f1ana de este domingo en un accidente de tr\u00e1nsito en la ruta provincial 7, en General San Mart\u00edn. Conduc\u00eda una motocicleta de 110cc. cuando, minutos despu\u00e9s de las 9, fue embestido desde atr\u00e1s por un Fiat Palio conducido por un hombre de 79 a\u00f1os. Un equipo m\u00e9dico [&hellip;]<\/p>\n","protected":false},"author":1,"featured_media":10244,"comment_status":"open","ping_status":"open","sticky":false,"template":"","format":"standard","meta":{"footnotes":""},"categories":[26],"tags":[322,93,154,92,1751,2351,534,100],"class_list":["post-10243","post","type-post","status-publish","format-standard","has-post-thumbnail","hentry","category-policiales","tag-accidente","tag-fatal","tag-fiat","tag-motociclista","tag-palio","tag-ruta-7","tag-san-martin","tag-tragedia"],"_links":{"self":[{"href":"http:\/\/hdpnoticias.com.ar\/index.php?rest_route=\/wp\/v2\/posts\/10243","targetHints":{"allow":["GET"]}}],"collection":[{"href":"http:\/\/hdpnoticias.com.ar\/index.php?rest_route=\/wp\/v2\/posts"}],"about":[{"href":"http:\/\/hdpnoticias.com.ar\/index.php?rest_route=\/wp\/v2\/types\/post"}],"author":[{"embeddable":true,"href":"http:\/\/hdpnoticias.com.ar\/index.php?rest_route=\/wp\/v2\/users\/1"}],"replies":[{"embeddable":true,"href":"http:\/\/hdpnoticias.com.ar\/index.php?rest_route=%2Fwp%2Fv2%2Fcomments&post=10243"}],"version-history":[{"count":1,"href":"http:\/\/hdpnoticias.com.ar\/index.php?rest_route=\/wp\/v2\/posts\/10243\/revisions"}],"predecessor-version":[{"id":10245,"href":"http:\/\/hdpnoticias.com.ar\/index.php?rest_route=\/wp\/v2\/posts\/10243\/revisions\/10245"}],"wp:featuredmedia":[{"embeddable":true,"href":"http:\/\/hdpnoticias.com.ar\/index.php?rest_route=\/wp\/v2\/media\/10244"}],"wp:attachment":[{"href":"http:\/\/hdpnoticias.com.ar\/index.php?rest_route=%2Fwp%2Fv2%2Fmedia&parent=10243"}],"wp:term":[{"taxonomy":"category","embeddable":true,"href":"http:\/\/hdpnoticias.com.ar\/index.php?rest_route=%2Fwp%2Fv2%2Fcategories&post=10243"},{"taxonomy":"post_tag","embeddable":true,"href":"http:\/\/hdpnoticias.com.ar\/index.php?rest_route=%2Fwp%2Fv2%2Ftags&post=10243"}],"curies":[{"name":"wp","href":"https:\/\/api.w.org\/{rel}","templated":true}]}}