{"id":10128,"date":"2025-02-02T20:30:50","date_gmt":"2025-02-02T23:30:50","guid":{"rendered":"https:\/\/hdpnoticias.com.ar\/?p=10128"},"modified":"2025-03-06T08:32:38","modified_gmt":"2025-03-06T11:32:38","slug":"crimen-en-villa-rio-negro-el-autor-estaba-escondido-en-el-barrio","status":"publish","type":"post","link":"http:\/\/hdpnoticias.com.ar\/?p=10128","title":{"rendered":"Crimen en Villa R\u00edo Negro: el autor estaba escondido en el barrio"},"content":{"rendered":"\n<figure class=\"wp-block-image size-full\"><img loading=\"lazy\" decoding=\"async\" width=\"720\" height=\"90\" src=\"http:\/\/hdpnoticias.com.ar\/wp-content\/uploads\/2024\/05\/Copy-of-720x90-1.gif\" alt=\"\" class=\"wp-image-6806\"\/><\/figure>\n\n\n\n<p>La madrugada de este domingo la Polic\u00eda detuvo a Cristian \u201cNano\u201d G\u00f3mez, de 32 a\u00f1os, sindicado como quien asesin\u00f3 a Mat\u00edas Ezequiel L\u00f3pez, de 28, de un disparo de escopeta la noche del s\u00e1bado.<\/p>\n\n\n\n<p>El crimen fue perpetrado en la avenida Martina al 1700. Cuando arrib\u00f3 la comisi\u00f3n policial, el autor ya hab\u00eda escapado pero fue reconocido por los testigos.<\/p>\n\n\n\n<p>Finalmente fue hallado a 6 cuadras de ah\u00ed, en Martina al 2300, se hab\u00eda refugiado en la casa de su madre. Ten\u00eda consigo la tumbera con la que dispar\u00f3 contra L\u00f3pez, y la vaina percutada calibre 12\/70.<\/p>\n","protected":false},"excerpt":{"rendered":"<p>La madrugada de este domingo la Polic\u00eda detuvo a Cristian \u201cNano\u201d G\u00f3mez, de 32 a\u00f1os, sindicado como quien asesin\u00f3 a Mat\u00edas Ezequiel L\u00f3pez, de 28, de un disparo de escopeta la noche del s\u00e1bado. El crimen fue perpetrado en la avenida Martina al 1700. Cuando arrib\u00f3 la comisi\u00f3n policial, el autor ya hab\u00eda escapado pero [&hellip;]<\/p>\n","protected":false},"author":1,"featured_media":10129,"comment_status":"open","ping_status":"open","sticky":false,"template":"","format":"standard","meta":{"footnotes":""},"categories":[26],"tags":[275,87,4587,49,1654,258],"class_list":["post-10128","post","type-post","status-publish","format-standard","has-post-thumbnail","hentry","category-policiales","tag-asesinato","tag-crimen","tag-martina","tag-resistencia","tag-tumbera","tag-villa-rio-negro"],"_links":{"self":[{"href":"http:\/\/hdpnoticias.com.ar\/index.php?rest_route=\/wp\/v2\/posts\/10128","targetHints":{"allow":["GET"]}}],"collection":[{"href":"http:\/\/hdpnoticias.com.ar\/index.php?rest_route=\/wp\/v2\/posts"}],"about":[{"href":"http:\/\/hdpnoticias.com.ar\/index.php?rest_route=\/wp\/v2\/types\/post"}],"author":[{"embeddable":true,"href":"http:\/\/hdpnoticias.com.ar\/index.php?rest_route=\/wp\/v2\/users\/1"}],"replies":[{"embeddable":true,"href":"http:\/\/hdpnoticias.com.ar\/index.php?rest_route=%2Fwp%2Fv2%2Fcomments&post=10128"}],"version-history":[{"count":1,"href":"http:\/\/hdpnoticias.com.ar\/index.php?rest_route=\/wp\/v2\/posts\/10128\/revisions"}],"predecessor-version":[{"id":10130,"href":"http:\/\/hdpnoticias.com.ar\/index.php?rest_route=\/wp\/v2\/posts\/10128\/revisions\/10130"}],"wp:featuredmedia":[{"embeddable":true,"href":"http:\/\/hdpnoticias.com.ar\/index.php?rest_route=\/wp\/v2\/media\/10129"}],"wp:attachment":[{"href":"http:\/\/hdpnoticias.com.ar\/index.php?rest_route=%2Fwp%2Fv2%2Fmedia&parent=10128"}],"wp:term":[{"taxonomy":"category","embeddable":true,"href":"http:\/\/hdpnoticias.com.ar\/index.php?rest_route=%2Fwp%2Fv2%2Fcategories&post=10128"},{"taxonomy":"post_tag","embeddable":true,"href":"http:\/\/hdpnoticias.com.ar\/index.php?rest_route=%2Fwp%2Fv2%2Ftags&post=10128"}],"curies":[{"name":"wp","href":"https:\/\/api.w.org\/{rel}","templated":true}]}}