{"id":10104,"date":"2025-01-30T20:56:46","date_gmt":"2025-01-30T23:56:46","guid":{"rendered":"https:\/\/hdpnoticias.com.ar\/?p=10104"},"modified":"2025-01-30T20:56:48","modified_gmt":"2025-01-30T23:56:48","slug":"baleado-en-presunto-ajuste-de-cuentas-en-saenz-pena","status":"publish","type":"post","link":"http:\/\/hdpnoticias.com.ar\/?p=10104","title":{"rendered":"Baleado en presunto ajuste de cuentas en S\u00e1enz Pe\u00f1a"},"content":{"rendered":"\n<figure class=\"wp-block-image size-full\"><img loading=\"lazy\" decoding=\"async\" width=\"720\" height=\"90\" src=\"http:\/\/hdpnoticias.com.ar\/wp-content\/uploads\/2024\/05\/Copy-of-720x90-1.gif\" alt=\"\" class=\"wp-image-6806\"\/><\/figure>\n\n\n\n<p>Alrededor de las 13 de este jueves un hombre de 24 a\u00f1os recibi\u00f3 un disparo por la espalda a metros de la colectora sur de la autov\u00eda de la ruta nacional 16, en el barrio San Cayetano, en la zona sur de Presidencia Roque S\u00e1enz Pe\u00f1a.<\/p>\n\n\n\n<p>Fue auxiliado y trasladado al hospital 4 de Junio. Le diagnosticaron \u201chemot\u00f3rax bilateral, l\u00edquido libre en cavidad abdominal, fractura de astas laterales y posterior de columna vertebral, y alojamiento de proyectil en regi\u00f3n retroperitoneal izquierda\u201d. Por esto, fue intervenido quir\u00fargicamente.<\/p>\n\n\n\n<p>Al recibir asistencia el herido se encontraba l\u00facido, por lo que los polic\u00edas lo interrogaron sobre el episodio, pero prefiri\u00f3 no aportar datos para identificar al agresor. No obstante, varios testigos lo reconocieron y brindaron informaci\u00f3n a los investigadores.<\/p>\n\n\n\n<p>Aunque la causa est\u00e1 en ciernes, las primeras versiones apuntan a un ajuste de cuentas vinculado con la venta de estupefacientes.<\/p>\n","protected":false},"excerpt":{"rendered":"<p>Alrededor de las 13 de este jueves un hombre de 24 a\u00f1os recibi\u00f3 un disparo por la espalda a metros de la colectora sur de la autov\u00eda de la ruta nacional 16, en el barrio San Cayetano, en la zona sur de Presidencia Roque S\u00e1enz Pe\u00f1a. Fue auxiliado y trasladado al hospital 4 de Junio. [&hellip;]<\/p>\n","protected":false},"author":1,"featured_media":10105,"comment_status":"open","ping_status":"open","sticky":false,"template":"","format":"standard","meta":{"footnotes":""},"categories":[26],"tags":[4576,1430,95,126,97],"class_list":["post-10104","post","type-post","status-publish","format-standard","has-post-thumbnail","hentry","category-policiales","tag-ajuste-de-cuenttas","tag-colectora","tag-saenz-pena","tag-san-cayetano","tag-zona-sur"],"_links":{"self":[{"href":"http:\/\/hdpnoticias.com.ar\/index.php?rest_route=\/wp\/v2\/posts\/10104","targetHints":{"allow":["GET"]}}],"collection":[{"href":"http:\/\/hdpnoticias.com.ar\/index.php?rest_route=\/wp\/v2\/posts"}],"about":[{"href":"http:\/\/hdpnoticias.com.ar\/index.php?rest_route=\/wp\/v2\/types\/post"}],"author":[{"embeddable":true,"href":"http:\/\/hdpnoticias.com.ar\/index.php?rest_route=\/wp\/v2\/users\/1"}],"replies":[{"embeddable":true,"href":"http:\/\/hdpnoticias.com.ar\/index.php?rest_route=%2Fwp%2Fv2%2Fcomments&post=10104"}],"version-history":[{"count":1,"href":"http:\/\/hdpnoticias.com.ar\/index.php?rest_route=\/wp\/v2\/posts\/10104\/revisions"}],"predecessor-version":[{"id":10106,"href":"http:\/\/hdpnoticias.com.ar\/index.php?rest_route=\/wp\/v2\/posts\/10104\/revisions\/10106"}],"wp:featuredmedia":[{"embeddable":true,"href":"http:\/\/hdpnoticias.com.ar\/index.php?rest_route=\/wp\/v2\/media\/10105"}],"wp:attachment":[{"href":"http:\/\/hdpnoticias.com.ar\/index.php?rest_route=%2Fwp%2Fv2%2Fmedia&parent=10104"}],"wp:term":[{"taxonomy":"category","embeddable":true,"href":"http:\/\/hdpnoticias.com.ar\/index.php?rest_route=%2Fwp%2Fv2%2Fcategories&post=10104"},{"taxonomy":"post_tag","embeddable":true,"href":"http:\/\/hdpnoticias.com.ar\/index.php?rest_route=%2Fwp%2Fv2%2Ftags&post=10104"}],"curies":[{"name":"wp","href":"https:\/\/api.w.org\/{rel}","templated":true}]}}