{"id":10073,"date":"2025-01-27T22:20:13","date_gmt":"2025-01-28T01:20:13","guid":{"rendered":"https:\/\/hdpnoticias.com.ar\/?p=10073"},"modified":"2025-02-07T06:52:18","modified_gmt":"2025-02-07T09:52:18","slug":"aspirante-del-servicio-penitenciario-y-su-hermano-detenidos-por-robo-a-mano-armada","status":"publish","type":"post","link":"http:\/\/hdpnoticias.com.ar\/?p=10073","title":{"rendered":"Aspirante del Servicio Penitenciario y su hermano detenidos por robo a mano armada"},"content":{"rendered":"\n<figure class=\"wp-block-image size-full\"><img loading=\"lazy\" decoding=\"async\" width=\"720\" height=\"90\" src=\"http:\/\/hdpnoticias.com.ar\/wp-content\/uploads\/2024\/05\/Obras-Publicas.gif\" alt=\"\" class=\"wp-image-6818\"\/><\/figure>\n\n\n\n<p>David Orlando Matto, de 24 a\u00f1os, aspirante del Servicio Penitenciario Provincial, fue detenido este lunes, sindicado como uno de los autores de un violento robo a mano armada a un local de la cadena Frigo-Porc, en la calle 16 entre 1 y 3, en el centro de Presidencia Roque S\u00e1enz Pe\u00f1a.<\/p>\n\n\n\n<p>El golpe fue perpetrado alrededor de las 21 del \u00faltimo viernes. Matto ingres\u00f3 empu\u00f1ando una pistola y efectu\u00f3 varios disparos para amedrentar al personal y alzarse con el bot\u00edn.,<\/p>\n\n\n\n<p>Tambi\u00e9n fue detenido su hermano David, de 19 a\u00f1os, el c\u00f3mplice con el que lleg\u00f3 al lugar del atraco y lo aguard\u00f3 afuera a bordo de la motocicleta en la que se dieron a la fuga cargando 2 cajas registradoras con la recaudaci\u00f3n.<\/p>\n\n\n\n<p>El fiscal de Investigaci\u00f3n Penal 4: Gustavo Valero, orden\u00f3 la detenci\u00f3n de ambos, tras ser individualizados en las grabaciones de las c\u00e1maras de seguridad del comercio atacado y de otras ubicadas en las inmediaciones.<\/p>\n\n\n\n<p>A\u00fan resta localizar el arma.<\/p>\n","protected":false},"excerpt":{"rendered":"<p>David Orlando Matto, de 24 a\u00f1os, aspirante del Servicio Penitenciario Provincial, fue detenido este lunes, sindicado como uno de los autores de un violento robo a mano armada a un local de la cadena Frigo-Porc, en la calle 16 entre 1 y 3, en el centro de Presidencia Roque S\u00e1enz Pe\u00f1a. El golpe fue perpetrado [&hellip;]<\/p>\n","protected":false},"author":1,"featured_media":10074,"comment_status":"open","ping_status":"open","sticky":false,"template":"","format":"standard","meta":{"footnotes":""},"categories":[26],"tags":[4566,1010,57,95,2542,595],"class_list":["post-10073","post","type-post","status-publish","format-standard","has-post-thumbnail","hentry","category-policiales","tag-frigo-porc","tag-pistola","tag-robo","tag-saenz-pena","tag-servicio-penitenciario","tag-valero"],"_links":{"self":[{"href":"http:\/\/hdpnoticias.com.ar\/index.php?rest_route=\/wp\/v2\/posts\/10073","targetHints":{"allow":["GET"]}}],"collection":[{"href":"http:\/\/hdpnoticias.com.ar\/index.php?rest_route=\/wp\/v2\/posts"}],"about":[{"href":"http:\/\/hdpnoticias.com.ar\/index.php?rest_route=\/wp\/v2\/types\/post"}],"author":[{"embeddable":true,"href":"http:\/\/hdpnoticias.com.ar\/index.php?rest_route=\/wp\/v2\/users\/1"}],"replies":[{"embeddable":true,"href":"http:\/\/hdpnoticias.com.ar\/index.php?rest_route=%2Fwp%2Fv2%2Fcomments&post=10073"}],"version-history":[{"count":1,"href":"http:\/\/hdpnoticias.com.ar\/index.php?rest_route=\/wp\/v2\/posts\/10073\/revisions"}],"predecessor-version":[{"id":10075,"href":"http:\/\/hdpnoticias.com.ar\/index.php?rest_route=\/wp\/v2\/posts\/10073\/revisions\/10075"}],"wp:featuredmedia":[{"embeddable":true,"href":"http:\/\/hdpnoticias.com.ar\/index.php?rest_route=\/wp\/v2\/media\/10074"}],"wp:attachment":[{"href":"http:\/\/hdpnoticias.com.ar\/index.php?rest_route=%2Fwp%2Fv2%2Fmedia&parent=10073"}],"wp:term":[{"taxonomy":"category","embeddable":true,"href":"http:\/\/hdpnoticias.com.ar\/index.php?rest_route=%2Fwp%2Fv2%2Fcategories&post=10073"},{"taxonomy":"post_tag","embeddable":true,"href":"http:\/\/hdpnoticias.com.ar\/index.php?rest_route=%2Fwp%2Fv2%2Ftags&post=10073"}],"curies":[{"name":"wp","href":"https:\/\/api.w.org\/{rel}","templated":true}]}}